{"id":8773,"date":"2025-10-16T09:27:24","date_gmt":"2025-10-16T07:27:24","guid":{"rendered":"https:\/\/www.ekimeissenheim.de\/?p=8773"},"modified":"2025-10-16T09:28:40","modified_gmt":"2025-10-16T07:28:40","slug":"blaesergottesdienst-am-26-oktober","status":"publish","type":"post","link":"https:\/\/www.ekimeissenheim.de\/?p=8773","title":{"rendered":"Bl\u00e4sergottesdienst am 26. Oktober"},"content":{"rendered":"\n<p><strong>150 Jahre Albert Schweizer, Bl\u00e4sergottesdienst<\/strong><\/p>\n\n\n\n<p><strong>Albert Schweizer &#8211; \u00a0Ehrfurcht vor dem Leben, Sch\u00f6pfung und Friede. <\/strong>Das Leben und Wirken von Albert Schweizer sowie mit Liedern und Musikst\u00fccken aus seiner Zeit m\u00f6chte der <strong>Posaunenchor Mei\u00dfenheim<\/strong> am <strong>26. Oktober <\/strong>einen Bl\u00e4sergottesdienst mitgestalten.<\/p>\n\n\n\n<p>Pfarrer i.R. Bodo Holthaus wird die liturgischen Teile und die Predigt im Gottesdienstes halten.<\/p>\n\n\n\n<p>Frank Spengler an der Orgel unterst\u00fctzt den Posaunenchor musikalisch und erinnert daran, dass Albert Schweizer als begnadeter Organist die Kirche in Mei\u00dfenheim besucht hat um auf der Silbermann- Orgel zu spielen.<\/p>\n\n\n\n<p>Der Posaunenchorleiter G\u00fcnter W\u00e4ldin hat zusammen mit Gerhard Lutz das Konzept des Bl\u00e4sergottesdienstes erstellt und beide werden die Lieder und Musikst\u00fccke moderieren.<\/p>\n\n\n\n<p>Der Posaunenchor freut sich \u00fcber die Mitwirkung einiger Gastbl\u00e4ser aus den benachbarten Posaunench\u00f6ren.<\/p>\n\n\n\n<p>Der Gottesdienst beginnt um 10: 15 Uhr.<\/p>\n","protected":false},"excerpt":{"rendered":"<p>150 Jahre Albert Schweizer, Bl\u00e4sergottesdienst Albert Schweizer &#8211; \u00a0Ehrfurcht vor dem Leben, Sch\u00f6pfung und Friede. Das Leben und Wirken von Albert Schweizer sowie mit Liedern und Musikst\u00fccken aus seiner Zeit m\u00f6chte der Posaunenchor Mei\u00dfenheim am 26. Oktober einen Bl\u00e4sergottesdienst mitgestalten. &hellip; <a href=\"https:\/\/www.ekimeissenheim.de\/?p=8773\">Weiterlesen <span class=\"meta-nav\">&rarr;<\/span><\/a><\/p>\n","protected":false},"author":2,"featured_media":0,"comment_status":"closed","ping_status":"open","sticky":false,"template":"","format":"standard","meta":{"ngg_post_thumbnail":0,"footnotes":""},"categories":[1],"tags":[],"class_list":["post-8773","post","type-post","status-publish","format-standard","hentry","category-allgemein"],"_links":{"self":[{"href":"https:\/\/www.ekimeissenheim.de\/index.php?rest_route=\/wp\/v2\/posts\/8773","targetHints":{"allow":["GET"]}}],"collection":[{"href":"https:\/\/www.ekimeissenheim.de\/index.php?rest_route=\/wp\/v2\/posts"}],"about":[{"href":"https:\/\/www.ekimeissenheim.de\/index.php?rest_route=\/wp\/v2\/types\/post"}],"author":[{"embeddable":true,"href":"https:\/\/www.ekimeissenheim.de\/index.php?rest_route=\/wp\/v2\/users\/2"}],"replies":[{"embeddable":true,"href":"https:\/\/www.ekimeissenheim.de\/index.php?rest_route=%2Fwp%2Fv2%2Fcomments&post=8773"}],"version-history":[{"count":2,"href":"https:\/\/www.ekimeissenheim.de\/index.php?rest_route=\/wp\/v2\/posts\/8773\/revisions"}],"predecessor-version":[{"id":8776,"href":"https:\/\/www.ekimeissenheim.de\/index.php?rest_route=\/wp\/v2\/posts\/8773\/revisions\/8776"}],"wp:attachment":[{"href":"https:\/\/www.ekimeissenheim.de\/index.php?rest_route=%2Fwp%2Fv2%2Fmedia&parent=8773"}],"wp:term":[{"taxonomy":"category","embeddable":true,"href":"https:\/\/www.ekimeissenheim.de\/index.php?rest_route=%2Fwp%2Fv2%2Fcategories&post=8773"},{"taxonomy":"post_tag","embeddable":true,"href":"https:\/\/www.ekimeissenheim.de\/index.php?rest_route=%2Fwp%2Fv2%2Ftags&post=8773"}],"curies":[{"name":"wp","href":"https:\/\/api.w.org\/{rel}","templated":true}]}}