{"id":8608,"date":"2025-04-29T12:31:53","date_gmt":"2025-04-29T10:31:53","guid":{"rendered":"https:\/\/www.ekimeissenheim.de\/?p=8608"},"modified":"2025-05-13T10:13:01","modified_gmt":"2025-05-13T08:13:01","slug":"8608","status":"publish","type":"post","link":"https:\/\/www.ekimeissenheim.de\/?p=8608","title":{"rendered":"Nacht der Musik"},"content":{"rendered":"\n<figure class=\"wp-block-image size-large\"><a href=\"http:\/\/www.ekimeissenheim.de\/wp-content\/uploads\/Nacht-der-Musik-2025_dunkel_1.jpg\"><img loading=\"lazy\" decoding=\"async\" width=\"724\" height=\"1024\" src=\"http:\/\/www.ekimeissenheim.de\/wp-content\/uploads\/Nacht-der-Musik-2025_dunkel_1-724x1024.jpg\" alt=\"\" class=\"wp-image-8606\" srcset=\"https:\/\/www.ekimeissenheim.de\/wp-content\/uploads\/Nacht-der-Musik-2025_dunkel_1-724x1024.jpg 724w, https:\/\/www.ekimeissenheim.de\/wp-content\/uploads\/Nacht-der-Musik-2025_dunkel_1-212x300.jpg 212w, https:\/\/www.ekimeissenheim.de\/wp-content\/uploads\/Nacht-der-Musik-2025_dunkel_1-768x1086.jpg 768w, https:\/\/www.ekimeissenheim.de\/wp-content\/uploads\/Nacht-der-Musik-2025_dunkel_1-1086x1536.jpg 1086w, https:\/\/www.ekimeissenheim.de\/wp-content\/uploads\/Nacht-der-Musik-2025_dunkel_1.jpg 1240w\" sizes=\"auto, (max-width: 724px) 100vw, 724px\" \/><\/a><\/figure>\n\n\n\n<p>Ab 18 Uhr gibt es in der Kirche ein abwechslungsreiches Programm verschiedener Musikgruppen aus K\u00fcrzell, Mei\u00dfenheim und Sessenheim.<br>Ch\u00f6re und Kinderch\u00f6re, Gitarrengruppe und Dixie-Combo, Fanfarenzug und Organisten gestalten im halbst\u00fcndigen Wechsel das vielseitige Programm.<br>W\u00e4hrend des ganzen Abends bewirtet die Vereinsgemeinschaft im bzw. neben dem Gemeindehaus.<br>Der Eintritt ist frei, Spenden f\u00fcr die Restaurierung der Silbermannorgel werden erbeten.<\/p>\n","protected":false},"excerpt":{"rendered":"<p>Ab 18 Uhr gibt es in der Kirche ein abwechslungsreiches Programm verschiedener Musikgruppen aus K\u00fcrzell, Mei\u00dfenheim und Sessenheim.Ch\u00f6re und Kinderch\u00f6re, Gitarrengruppe und Dixie-Combo, Fanfarenzug und Organisten gestalten im halbst\u00fcndigen Wechsel das vielseitige Programm.W\u00e4hrend des ganzen Abends bewirtet die Vereinsgemeinschaft im &hellip; <a href=\"https:\/\/www.ekimeissenheim.de\/?p=8608\">Weiterlesen <span class=\"meta-nav\">&rarr;<\/span><\/a><\/p>\n","protected":false},"author":2,"featured_media":0,"comment_status":"closed","ping_status":"open","sticky":false,"template":"","format":"standard","meta":{"ngg_post_thumbnail":0,"footnotes":""},"categories":[1],"tags":[],"class_list":["post-8608","post","type-post","status-publish","format-standard","hentry","category-allgemein"],"_links":{"self":[{"href":"https:\/\/www.ekimeissenheim.de\/index.php?rest_route=\/wp\/v2\/posts\/8608","targetHints":{"allow":["GET"]}}],"collection":[{"href":"https:\/\/www.ekimeissenheim.de\/index.php?rest_route=\/wp\/v2\/posts"}],"about":[{"href":"https:\/\/www.ekimeissenheim.de\/index.php?rest_route=\/wp\/v2\/types\/post"}],"author":[{"embeddable":true,"href":"https:\/\/www.ekimeissenheim.de\/index.php?rest_route=\/wp\/v2\/users\/2"}],"replies":[{"embeddable":true,"href":"https:\/\/www.ekimeissenheim.de\/index.php?rest_route=%2Fwp%2Fv2%2Fcomments&post=8608"}],"version-history":[{"count":3,"href":"https:\/\/www.ekimeissenheim.de\/index.php?rest_route=\/wp\/v2\/posts\/8608\/revisions"}],"predecessor-version":[{"id":8628,"href":"https:\/\/www.ekimeissenheim.de\/index.php?rest_route=\/wp\/v2\/posts\/8608\/revisions\/8628"}],"wp:attachment":[{"href":"https:\/\/www.ekimeissenheim.de\/index.php?rest_route=%2Fwp%2Fv2%2Fmedia&parent=8608"}],"wp:term":[{"taxonomy":"category","embeddable":true,"href":"https:\/\/www.ekimeissenheim.de\/index.php?rest_route=%2Fwp%2Fv2%2Fcategories&post=8608"},{"taxonomy":"post_tag","embeddable":true,"href":"https:\/\/www.ekimeissenheim.de\/index.php?rest_route=%2Fwp%2Fv2%2Ftags&post=8608"}],"curies":[{"name":"wp","href":"https:\/\/api.w.org\/{rel}","templated":true}]}}