{"id":8557,"date":"2025-02-25T13:13:13","date_gmt":"2025-02-25T11:13:13","guid":{"rendered":"https:\/\/www.ekimeissenheim.de\/?p=8557"},"modified":"2025-02-25T13:14:01","modified_gmt":"2025-02-25T11:14:01","slug":"8557","status":"publish","type":"post","link":"https:\/\/www.ekimeissenheim.de\/?p=8557","title":{"rendered":"Weltgebetstag 2025"},"content":{"rendered":"\n<figure class=\"wp-block-image size-large\"><a href=\"https:\/\/www.ekimeissenheim.de\/wp-content\/uploads\/WGT_Banner_2025_Cookinseln_Web1.jpg\"><img loading=\"lazy\" decoding=\"async\" width=\"1024\" height=\"301\" src=\"https:\/\/www.ekimeissenheim.de\/wp-content\/uploads\/WGT_Banner_2025_Cookinseln_Web1-1024x301.jpg\" alt=\"\" class=\"wp-image-8559\" srcset=\"https:\/\/www.ekimeissenheim.de\/wp-content\/uploads\/WGT_Banner_2025_Cookinseln_Web1-1024x301.jpg 1024w, https:\/\/www.ekimeissenheim.de\/wp-content\/uploads\/WGT_Banner_2025_Cookinseln_Web1-300x88.jpg 300w, https:\/\/www.ekimeissenheim.de\/wp-content\/uploads\/WGT_Banner_2025_Cookinseln_Web1-768x226.jpg 768w, https:\/\/www.ekimeissenheim.de\/wp-content\/uploads\/WGT_Banner_2025_Cookinseln_Web1-1536x451.jpg 1536w, https:\/\/www.ekimeissenheim.de\/wp-content\/uploads\/WGT_Banner_2025_Cookinseln_Web1.jpg 1600w\" sizes=\"auto, (max-width: 1024px) 100vw, 1024px\" \/><\/a><\/figure>\n\n\n\n<h2 class=\"wp-block-heading\">\u00d6kumenische Gottesdienste<\/h2>\n\n\n\n<p>19.00 Uhr   Ev. Kirche K\u00fcrzell<\/p>\n\n\n\n<p>19.30 Uhr   Gemeindehaus Mei\u00dfenheim<\/p>\n","protected":false},"excerpt":{"rendered":"<p>\u00d6kumenische Gottesdienste 19.00 Uhr Ev. Kirche K\u00fcrzell 19.30 Uhr Gemeindehaus Mei\u00dfenheim<\/p>\n","protected":false},"author":2,"featured_media":0,"comment_status":"closed","ping_status":"open","sticky":false,"template":"","format":"standard","meta":{"ngg_post_thumbnail":0,"footnotes":""},"categories":[1],"tags":[],"class_list":["post-8557","post","type-post","status-publish","format-standard","hentry","category-allgemein"],"_links":{"self":[{"href":"https:\/\/www.ekimeissenheim.de\/index.php?rest_route=\/wp\/v2\/posts\/8557","targetHints":{"allow":["GET"]}}],"collection":[{"href":"https:\/\/www.ekimeissenheim.de\/index.php?rest_route=\/wp\/v2\/posts"}],"about":[{"href":"https:\/\/www.ekimeissenheim.de\/index.php?rest_route=\/wp\/v2\/types\/post"}],"author":[{"embeddable":true,"href":"https:\/\/www.ekimeissenheim.de\/index.php?rest_route=\/wp\/v2\/users\/2"}],"replies":[{"embeddable":true,"href":"https:\/\/www.ekimeissenheim.de\/index.php?rest_route=%2Fwp%2Fv2%2Fcomments&post=8557"}],"version-history":[{"count":2,"href":"https:\/\/www.ekimeissenheim.de\/index.php?rest_route=\/wp\/v2\/posts\/8557\/revisions"}],"predecessor-version":[{"id":8561,"href":"https:\/\/www.ekimeissenheim.de\/index.php?rest_route=\/wp\/v2\/posts\/8557\/revisions\/8561"}],"wp:attachment":[{"href":"https:\/\/www.ekimeissenheim.de\/index.php?rest_route=%2Fwp%2Fv2%2Fmedia&parent=8557"}],"wp:term":[{"taxonomy":"category","embeddable":true,"href":"https:\/\/www.ekimeissenheim.de\/index.php?rest_route=%2Fwp%2Fv2%2Fcategories&post=8557"},{"taxonomy":"post_tag","embeddable":true,"href":"https:\/\/www.ekimeissenheim.de\/index.php?rest_route=%2Fwp%2Fv2%2Ftags&post=8557"}],"curies":[{"name":"wp","href":"https:\/\/api.w.org\/{rel}","templated":true}]}}