{"id":8295,"date":"2024-05-28T12:24:48","date_gmt":"2024-05-28T10:24:48","guid":{"rendered":"http:\/\/www.ekimeissenheim.de\/?p=8295"},"modified":"2024-05-28T12:24:48","modified_gmt":"2024-05-28T10:24:48","slug":"diamantene-konfirmation-in-kuerzell-2","status":"publish","type":"post","link":"https:\/\/www.ekimeissenheim.de\/?p=8295","title":{"rendered":"Diamantene Konfirmation in K\u00fcrzell"},"content":{"rendered":"\n<p>Am <strong>Sonntag, 5. Mai 2024<\/strong>, wurde in der Auferstehungskirche in K\u00fcrzell ein Gottesdienst zum  60j\u00e4hrigen Jubil\u00e4um der Konfirmation gefeiert. Pfarrer i.R. B\u00f6ttler, der gleichzeitig Schulkamera und Mitkonfirmand ist, hat die kirchliche Feier f\u00fcr den Jahrgang 1949\/50 feierlich gestaltet. Ein Dank geht an die Organistin Saskia Spengler die den musikalischen Rahmen f\u00fcr diese Feier mit Ihrem Orgelspiel untermalt hat. <br>Nach dem Gottesdienst gab es noch einen kleine Sektempfang im angegliederten Gemeindesaal der Kirche. Danach traf man sich zum gemeinsamen Mittagessen und verlebte  zusammen einen sch\u00f6nen Tag. <\/p>\n\n\n\n<figure class=\"wp-block-image size-full\"><a href=\"http:\/\/www.ekimeissenheim.de\/wp-content\/uploads\/2024_Diamantene-Konfirmation-Kuerzell_1.jpg\"><img loading=\"lazy\" decoding=\"async\" width=\"967\" height=\"709\" src=\"http:\/\/www.ekimeissenheim.de\/wp-content\/uploads\/2024_Diamantene-Konfirmation-Kuerzell_1.jpg\" alt=\"\" class=\"wp-image-8296\" srcset=\"https:\/\/www.ekimeissenheim.de\/wp-content\/uploads\/2024_Diamantene-Konfirmation-Kuerzell_1.jpg 967w, https:\/\/www.ekimeissenheim.de\/wp-content\/uploads\/2024_Diamantene-Konfirmation-Kuerzell_1-300x220.jpg 300w, https:\/\/www.ekimeissenheim.de\/wp-content\/uploads\/2024_Diamantene-Konfirmation-Kuerzell_1-768x563.jpg 768w\" sizes=\"auto, (max-width: 967px) 100vw, 967px\" \/><\/a><\/figure>\n\n\n\n<p>Winfried B\u00f6ttler, Werner Grafm\u00fcller, Ernst Feindel, Hans-Dieter Schiller, Werner Krenkel, Hans-Peter Schneckenb\u00fchl, vorne: Edith Wurth (geb. Maurer)<\/p>\n\n\n\n<p>Bei der Konfirmation 1964\u00a0waren sechs Jungen und sieben M\u00e4dchen. Von den M\u00e4dchen sind schon drei Frauen verstorben und drei weitere waren aus unterschiedlichen Gr\u00fcnden an der Teilnahme bei der Jubil\u00e4umsfeier verhindert.<\/p>\n","protected":false},"excerpt":{"rendered":"<p>Am Sonntag, 5. Mai 2024, wurde in der Auferstehungskirche in K\u00fcrzell ein Gottesdienst zum 60j\u00e4hrigen Jubil\u00e4um der Konfirmation gefeiert. Pfarrer i.R. B\u00f6ttler, der gleichzeitig Schulkamera und Mitkonfirmand ist, hat die kirchliche Feier f\u00fcr den Jahrgang 1949\/50 feierlich gestaltet. Ein Dank &hellip; <a href=\"https:\/\/www.ekimeissenheim.de\/?p=8295\">Weiterlesen <span class=\"meta-nav\">&rarr;<\/span><\/a><\/p>\n","protected":false},"author":2,"featured_media":0,"comment_status":"closed","ping_status":"open","sticky":false,"template":"","format":"standard","meta":{"ngg_post_thumbnail":0,"footnotes":""},"categories":[1],"tags":[],"class_list":["post-8295","post","type-post","status-publish","format-standard","hentry","category-allgemein"],"_links":{"self":[{"href":"https:\/\/www.ekimeissenheim.de\/index.php?rest_route=\/wp\/v2\/posts\/8295","targetHints":{"allow":["GET"]}}],"collection":[{"href":"https:\/\/www.ekimeissenheim.de\/index.php?rest_route=\/wp\/v2\/posts"}],"about":[{"href":"https:\/\/www.ekimeissenheim.de\/index.php?rest_route=\/wp\/v2\/types\/post"}],"author":[{"embeddable":true,"href":"https:\/\/www.ekimeissenheim.de\/index.php?rest_route=\/wp\/v2\/users\/2"}],"replies":[{"embeddable":true,"href":"https:\/\/www.ekimeissenheim.de\/index.php?rest_route=%2Fwp%2Fv2%2Fcomments&post=8295"}],"version-history":[{"count":1,"href":"https:\/\/www.ekimeissenheim.de\/index.php?rest_route=\/wp\/v2\/posts\/8295\/revisions"}],"predecessor-version":[{"id":8297,"href":"https:\/\/www.ekimeissenheim.de\/index.php?rest_route=\/wp\/v2\/posts\/8295\/revisions\/8297"}],"wp:attachment":[{"href":"https:\/\/www.ekimeissenheim.de\/index.php?rest_route=%2Fwp%2Fv2%2Fmedia&parent=8295"}],"wp:term":[{"taxonomy":"category","embeddable":true,"href":"https:\/\/www.ekimeissenheim.de\/index.php?rest_route=%2Fwp%2Fv2%2Fcategories&post=8295"},{"taxonomy":"post_tag","embeddable":true,"href":"https:\/\/www.ekimeissenheim.de\/index.php?rest_route=%2Fwp%2Fv2%2Ftags&post=8295"}],"curies":[{"name":"wp","href":"https:\/\/api.w.org\/{rel}","templated":true}]}}