{"id":8282,"date":"2024-05-14T10:01:15","date_gmt":"2024-05-14T08:01:15","guid":{"rendered":"http:\/\/www.ekimeissenheim.de\/?p=8282"},"modified":"2024-05-14T10:02:53","modified_gmt":"2024-05-14T08:02:53","slug":"gottesdienst-an-himmelfahrt-im-pfarrgarten","status":"publish","type":"post","link":"https:\/\/www.ekimeissenheim.de\/?p=8282","title":{"rendered":"Gottesdienst an Himmelfahrt im Pfarrgarten"},"content":{"rendered":"\n<p><strong>&#8222;Welche Farbe hat dein Himmel&#8220;  <\/strong><br>Unter diesem Motto hat Pr\u00e4dikantn Brasch-Duffner mit den Gemeindemitgliedern aus Mei\u00dfenheim und Umgebung bei sonnigem Wetter den Gottesdienst an Himmelfahrt (9. Mai 2024) im Pfarrgarten gefeiert. <br>Musikalisch begleitet wurde der Gottesdienst vom Posaunenchor unter der Leitung von G\u00fcnter W\u00e4ldin. Anschlie\u00dfend wurden die Gottesdienstbesucherinnen und -besucher zu einem Umtrunk und Gespr\u00e4chen eingeladen.<\/p>\n\n\n\n<figure class=\"wp-block-image size-large\"><a href=\"http:\/\/www.ekimeissenheim.de\/wp-content\/uploads\/Himmelfahrt-2024-1-scaled.jpg\"><img loading=\"lazy\" decoding=\"async\" width=\"768\" height=\"1024\" src=\"http:\/\/www.ekimeissenheim.de\/wp-content\/uploads\/Himmelfahrt-2024-1-768x1024.jpg\" alt=\"\" class=\"wp-image-8284\" style=\"aspect-ratio:1;object-fit:cover\" srcset=\"https:\/\/www.ekimeissenheim.de\/wp-content\/uploads\/Himmelfahrt-2024-1-768x1024.jpg 768w, https:\/\/www.ekimeissenheim.de\/wp-content\/uploads\/Himmelfahrt-2024-1-225x300.jpg 225w, https:\/\/www.ekimeissenheim.de\/wp-content\/uploads\/Himmelfahrt-2024-1-1152x1536.jpg 1152w, https:\/\/www.ekimeissenheim.de\/wp-content\/uploads\/Himmelfahrt-2024-1-1536x2048.jpg 1536w, https:\/\/www.ekimeissenheim.de\/wp-content\/uploads\/Himmelfahrt-2024-1-scaled.jpg 1920w\" sizes=\"auto, (max-width: 768px) 100vw, 768px\" \/><\/a><\/figure>\n\n\n\n<figure class=\"wp-block-image size-large\"><a href=\"http:\/\/www.ekimeissenheim.de\/wp-content\/uploads\/Himmelfahrt-2024_1-scaled.jpg\"><img loading=\"lazy\" decoding=\"async\" width=\"931\" height=\"1024\" src=\"http:\/\/www.ekimeissenheim.de\/wp-content\/uploads\/Himmelfahrt-2024_1-931x1024.jpg\" alt=\"\" class=\"wp-image-8285\" style=\"aspect-ratio:4\/3;object-fit:cover\" srcset=\"https:\/\/www.ekimeissenheim.de\/wp-content\/uploads\/Himmelfahrt-2024_1-931x1024.jpg 931w, https:\/\/www.ekimeissenheim.de\/wp-content\/uploads\/Himmelfahrt-2024_1-273x300.jpg 273w, https:\/\/www.ekimeissenheim.de\/wp-content\/uploads\/Himmelfahrt-2024_1-768x845.jpg 768w, https:\/\/www.ekimeissenheim.de\/wp-content\/uploads\/Himmelfahrt-2024_1-1396x1536.jpg 1396w, https:\/\/www.ekimeissenheim.de\/wp-content\/uploads\/Himmelfahrt-2024_1-1862x2048.jpg 1862w\" sizes=\"auto, (max-width: 931px) 100vw, 931px\" \/><\/a><\/figure>\n\n\n\n<figure class=\"wp-block-image size-large is-style-default\"><a href=\"http:\/\/www.ekimeissenheim.de\/wp-content\/uploads\/Himmelfahrt-2024_2.jpg\"><img loading=\"lazy\" decoding=\"async\" width=\"1024\" height=\"768\" src=\"http:\/\/www.ekimeissenheim.de\/wp-content\/uploads\/Himmelfahrt-2024_2-1024x768.jpg\" alt=\"\" class=\"wp-image-8286\" style=\"aspect-ratio:4\/3;object-fit:contain\" srcset=\"https:\/\/www.ekimeissenheim.de\/wp-content\/uploads\/Himmelfahrt-2024_2-1024x768.jpg 1024w, https:\/\/www.ekimeissenheim.de\/wp-content\/uploads\/Himmelfahrt-2024_2-300x225.jpg 300w, https:\/\/www.ekimeissenheim.de\/wp-content\/uploads\/Himmelfahrt-2024_2-768x576.jpg 768w, https:\/\/www.ekimeissenheim.de\/wp-content\/uploads\/Himmelfahrt-2024_2.jpg 1328w\" sizes=\"auto, (max-width: 1024px) 100vw, 1024px\" \/><\/a><\/figure>\n","protected":false},"excerpt":{"rendered":"<p>&#8222;Welche Farbe hat dein Himmel&#8220; Unter diesem Motto hat Pr\u00e4dikantn Brasch-Duffner mit den Gemeindemitgliedern aus Mei\u00dfenheim und Umgebung bei sonnigem Wetter den Gottesdienst an Himmelfahrt (9. Mai 2024) im Pfarrgarten gefeiert. Musikalisch begleitet wurde der Gottesdienst vom Posaunenchor unter der &hellip; <a href=\"https:\/\/www.ekimeissenheim.de\/?p=8282\">Weiterlesen <span class=\"meta-nav\">&rarr;<\/span><\/a><\/p>\n","protected":false},"author":2,"featured_media":0,"comment_status":"closed","ping_status":"open","sticky":false,"template":"","format":"standard","meta":{"ngg_post_thumbnail":0,"footnotes":""},"categories":[1],"tags":[],"class_list":["post-8282","post","type-post","status-publish","format-standard","hentry","category-allgemein"],"_links":{"self":[{"href":"https:\/\/www.ekimeissenheim.de\/index.php?rest_route=\/wp\/v2\/posts\/8282","targetHints":{"allow":["GET"]}}],"collection":[{"href":"https:\/\/www.ekimeissenheim.de\/index.php?rest_route=\/wp\/v2\/posts"}],"about":[{"href":"https:\/\/www.ekimeissenheim.de\/index.php?rest_route=\/wp\/v2\/types\/post"}],"author":[{"embeddable":true,"href":"https:\/\/www.ekimeissenheim.de\/index.php?rest_route=\/wp\/v2\/users\/2"}],"replies":[{"embeddable":true,"href":"https:\/\/www.ekimeissenheim.de\/index.php?rest_route=%2Fwp%2Fv2%2Fcomments&post=8282"}],"version-history":[{"count":3,"href":"https:\/\/www.ekimeissenheim.de\/index.php?rest_route=\/wp\/v2\/posts\/8282\/revisions"}],"predecessor-version":[{"id":8289,"href":"https:\/\/www.ekimeissenheim.de\/index.php?rest_route=\/wp\/v2\/posts\/8282\/revisions\/8289"}],"wp:attachment":[{"href":"https:\/\/www.ekimeissenheim.de\/index.php?rest_route=%2Fwp%2Fv2%2Fmedia&parent=8282"}],"wp:term":[{"taxonomy":"category","embeddable":true,"href":"https:\/\/www.ekimeissenheim.de\/index.php?rest_route=%2Fwp%2Fv2%2Fcategories&post=8282"},{"taxonomy":"post_tag","embeddable":true,"href":"https:\/\/www.ekimeissenheim.de\/index.php?rest_route=%2Fwp%2Fv2%2Ftags&post=8282"}],"curies":[{"name":"wp","href":"https:\/\/api.w.org\/{rel}","templated":true}]}}