{"id":8260,"date":"2024-05-14T09:27:50","date_gmt":"2024-05-14T07:27:50","guid":{"rendered":"http:\/\/www.ekimeissenheim.de\/?p=8260"},"modified":"2024-05-14T09:27:50","modified_gmt":"2024-05-14T07:27:50","slug":"jubelkonfirmation-in-meissenheim-3","status":"publish","type":"post","link":"https:\/\/www.ekimeissenheim.de\/?p=8260","title":{"rendered":"Jubelkonfirmation in Mei\u00dfenheim"},"content":{"rendered":"\n<p>Am <strong>Sonntag, 28. April 2024<\/strong> haben sich Jubelkonfirmandinnen und Jubelkonfirmanden aus Mei\u00dfenheim zu einem Gedenkgottesdienst getroffen. Gestaltet wurde der Gottesdienst von Pfarrer i.R. Metzger und dem Kirchenchor. Es waren Goldene und Diamantene Jubilare anwesend.<\/p>\n\n\n\n<figure class=\"wp-block-image size-large\"><a href=\"http:\/\/www.ekimeissenheim.de\/wp-content\/uploads\/20240428_113753-scaled.jpg\"><img loading=\"lazy\" decoding=\"async\" width=\"1024\" height=\"768\" src=\"http:\/\/www.ekimeissenheim.de\/wp-content\/uploads\/20240428_113753-1024x768.jpg\" alt=\"\" class=\"wp-image-8261\" srcset=\"https:\/\/www.ekimeissenheim.de\/wp-content\/uploads\/20240428_113753-1024x768.jpg 1024w, https:\/\/www.ekimeissenheim.de\/wp-content\/uploads\/20240428_113753-300x225.jpg 300w, https:\/\/www.ekimeissenheim.de\/wp-content\/uploads\/20240428_113753-768x576.jpg 768w, https:\/\/www.ekimeissenheim.de\/wp-content\/uploads\/20240428_113753-1536x1152.jpg 1536w, https:\/\/www.ekimeissenheim.de\/wp-content\/uploads\/20240428_113753-2048x1536.jpg 2048w\" sizes=\"auto, (max-width: 1024px) 100vw, 1024px\" \/><\/a><\/figure>\n\n\n\n<p><strong>Diamantene Jubelkonfirmandinnen und Konfirmanden<\/strong><\/p>\n\n\n\n<p>Helga Bohlig, Erika Bartkowiak, Herbert D\u00f6ring, Helga Heimburger geb. W\u00e4ldin, Kurt Kern, Erna Kiesel, Ria Konzack, Christa Lechleiter, Lore Leuthner, Astrid Reith, Theo Reith, G\u00fcnther Reith, Gerhard Schiff, Dora Schlenker, Heidi Schwarz, Brigitte Weiser<\/p>\n\n\n\n<figure class=\"wp-block-image size-large\"><a href=\"http:\/\/www.ekimeissenheim.de\/wp-content\/uploads\/IMG-20240428-WA0000.jpg\"><img loading=\"lazy\" decoding=\"async\" width=\"1024\" height=\"768\" src=\"http:\/\/www.ekimeissenheim.de\/wp-content\/uploads\/IMG-20240428-WA0000-1024x768.jpg\" alt=\"\" class=\"wp-image-8262\" srcset=\"https:\/\/www.ekimeissenheim.de\/wp-content\/uploads\/IMG-20240428-WA0000-1024x768.jpg 1024w, https:\/\/www.ekimeissenheim.de\/wp-content\/uploads\/IMG-20240428-WA0000-300x225.jpg 300w, https:\/\/www.ekimeissenheim.de\/wp-content\/uploads\/IMG-20240428-WA0000-768x576.jpg 768w, https:\/\/www.ekimeissenheim.de\/wp-content\/uploads\/IMG-20240428-WA0000-1536x1152.jpg 1536w, https:\/\/www.ekimeissenheim.de\/wp-content\/uploads\/IMG-20240428-WA0000.jpg 2000w\" sizes=\"auto, (max-width: 1024px) 100vw, 1024px\" \/><\/a><\/figure>\n\n\n\n<p><strong>Goldene Jubelkonfirmandinnen und Konfirmanden<\/strong><br>Sonja Baumert, Erich Biegert, Carola Bierbrauer, Helmut Bohnert, Hugo Fischer, Claudia Gerster, Heidi Grether, Thomas H\u00f6fler,Dieter Kern, Manfred Kern, Reinhard Kern, G\u00fcnter K\u00f6lli, Monika Kruggel, J\u00fcrgen Lampert, Ilse Metzger,Stefan Metzger, Ilona Moser, Carola M\u00fcller,Renate Oberle, Ria Parotat, Uta Preuschoff, Helga Reith, Sonja Sehrer, Marion Sielaff, Ingrid Sohn, Patrick Schiff, Frank Wagner, Liesel Wendle, Siegfried Z\u00fcrcher<\/p>\n","protected":false},"excerpt":{"rendered":"<p>Am Sonntag, 28. April 2024 haben sich Jubelkonfirmandinnen und Jubelkonfirmanden aus Mei\u00dfenheim zu einem Gedenkgottesdienst getroffen. Gestaltet wurde der Gottesdienst von Pfarrer i.R. Metzger und dem Kirchenchor. Es waren Goldene und Diamantene Jubilare anwesend. Diamantene Jubelkonfirmandinnen und Konfirmanden Helga Bohlig, &hellip; <a href=\"https:\/\/www.ekimeissenheim.de\/?p=8260\">Weiterlesen <span class=\"meta-nav\">&rarr;<\/span><\/a><\/p>\n","protected":false},"author":2,"featured_media":0,"comment_status":"closed","ping_status":"open","sticky":false,"template":"","format":"standard","meta":{"ngg_post_thumbnail":0,"footnotes":""},"categories":[1],"tags":[],"class_list":["post-8260","post","type-post","status-publish","format-standard","hentry","category-allgemein"],"_links":{"self":[{"href":"https:\/\/www.ekimeissenheim.de\/index.php?rest_route=\/wp\/v2\/posts\/8260","targetHints":{"allow":["GET"]}}],"collection":[{"href":"https:\/\/www.ekimeissenheim.de\/index.php?rest_route=\/wp\/v2\/posts"}],"about":[{"href":"https:\/\/www.ekimeissenheim.de\/index.php?rest_route=\/wp\/v2\/types\/post"}],"author":[{"embeddable":true,"href":"https:\/\/www.ekimeissenheim.de\/index.php?rest_route=\/wp\/v2\/users\/2"}],"replies":[{"embeddable":true,"href":"https:\/\/www.ekimeissenheim.de\/index.php?rest_route=%2Fwp%2Fv2%2Fcomments&post=8260"}],"version-history":[{"count":1,"href":"https:\/\/www.ekimeissenheim.de\/index.php?rest_route=\/wp\/v2\/posts\/8260\/revisions"}],"predecessor-version":[{"id":8263,"href":"https:\/\/www.ekimeissenheim.de\/index.php?rest_route=\/wp\/v2\/posts\/8260\/revisions\/8263"}],"wp:attachment":[{"href":"https:\/\/www.ekimeissenheim.de\/index.php?rest_route=%2Fwp%2Fv2%2Fmedia&parent=8260"}],"wp:term":[{"taxonomy":"category","embeddable":true,"href":"https:\/\/www.ekimeissenheim.de\/index.php?rest_route=%2Fwp%2Fv2%2Fcategories&post=8260"},{"taxonomy":"post_tag","embeddable":true,"href":"https:\/\/www.ekimeissenheim.de\/index.php?rest_route=%2Fwp%2Fv2%2Ftags&post=8260"}],"curies":[{"name":"wp","href":"https:\/\/api.w.org\/{rel}","templated":true}]}}