{"id":8042,"date":"2023-10-05T19:32:30","date_gmt":"2023-10-05T17:32:30","guid":{"rendered":"http:\/\/www.ekimeissenheim.de\/?p=8042"},"modified":"2023-10-05T19:39:49","modified_gmt":"2023-10-05T17:39:49","slug":"verabschiedung-pfarrer-heinz-adler","status":"publish","type":"post","link":"https:\/\/www.ekimeissenheim.de\/?p=8042","title":{"rendered":"Verabschiedung Pfarrer Heinz Adler"},"content":{"rendered":"\n<p>Am 01.10.2023 fand die Verabschiedung in den wohlverdienten Ruhestand von Pfarrer Heinz Adler nach 15 Jahren Amtszeit in Mei\u00dfenheim statt. Den Abschidesgottesdienst umrahmte der Posaunen- und Kirchenchor, in seiner Predigt zitierte Heinz Adler Giovanni Trapattoni &#8222;Ich habe fertig&#8220;. Die Entpflichtung \u00fcbernahmen Dekan Oliver Wehrstein aus Kehl in Vertretung f\u00fcr den erkankten Dekan Rainer Becker. Die Gemeinde lies es sich nicht nehmen, Pfarrer Heinz Adler mit einem stehenden Applaus zu w\u00fcrdigen.<\/p>\n\n\n\n<p>Im Anschluss fand ein Festzug in die Festhalle statt, angef\u00fchrt durch den Fanfaren- und Spielmannszug der Feuerwehr sowie Heinz Adler mit seine Frau Doris und Tochter Katharina in einer Kutsche an der Spitze.<\/p>\n\n\n\n<p>Anschlie\u00dfend fand ein Festakt in der Halle statt, welcher durch Gesang und Musik von den Erzieherinnen der evangelischen Kinderg\u00e4rten Mei\u00dfenheim und K\u00fcrzell, der Grundschule, dem Kinderchor Unditzspatzen, den Jagdhornbl\u00e4sern sowie gemeinsamen Auftritten der Musikvereine Mei\u00dfenheim und K\u00fcrzell gestaltet wurde.<\/p>\n\n\n\n<p>Es gab herzliche Dankesworte von verschiedenen Personen: Martina Goldammer vom Kindergarten sowie Martina Deutscher von der Sozialstation, deren Vorsitzender Heinz Adler ist, \u00e4u\u00dferten ihre Dankbarkeit. Pfarrerin Marie Jakobi aus Ottenheim sprach im Namen ihrer Kollegen im Ried und lobte die Zusammenarbeit als &#8222;gut, unkompliziert und humorvoll&#8220;. Sie beschrieb ihren Kollegen als einen &#8222;pragmatischen E-Mail-Schreiber&#8220;, der mit wenigen Worten viel ausdr\u00fccken k\u00f6nne.<\/p>\n\n\n\n<p>Auch der katholische Kollege Steffen Jelic dr\u00fcckte seinen Dank f\u00fcr die gute Zusammenarbeit und das harmonische Miteinander aus. Die Vereinsgemeinschaften dr\u00fcckten ebenfalls ihre Dankbarkeit aus und freuten sich auf zuk\u00fcnftige Treffen bei Vereinsfesten, wie Sabine Fischer und Hugo Wingert betonten.<\/p>\n\n\n\n<p>B\u00fcrgermeister Alexander Schr\u00f6der bedankte sich herzlich f\u00fcr den pers\u00f6nlichen Kontakt und teilte zudem einige Anekdoten \u00fcber den Pfarrer mit.<\/p>\n\n\n\n<p>Es ist kein Abschied, sondern eine neue Form des Zusammenkommens &#8211; das erf\u00fcllt uns mit gro\u00dfer Freude&#8220;, \u00e4u\u00dferten die Repr\u00e4sentantinnen der Kirchengemeinden. Zum Abschluss spielten die Musikvereine das Badnerlied, das Pfarrer Heinz Adler fr\u00f6hlich pfiff, w\u00e4hrend die \u00fcbrigen Festg\u00e4ste mitsangen. &#8222;Es ist wunderbar, dass solch ein beeindruckendes Event organisiert wurde&#8220;, sagte er mit einem L\u00e4cheln, bevor das Programm mit einem stehenden Applaus endete und der sichtlich bewegte Pfarrer sich in die Gesellschaft der Anwesenden begab.<\/p>\n\n\n\n<p>Die evangelische Kirchengemeinde Mei\u00dfenheim und K\u00fcrzell m\u00f6chte an dieser Stelle allen danken, die zum Gelingen eines so tollen Abschiedes beigetragen haben. <\/p>\n\n\n\n<figure class=\"wp-block-gallery has-nested-images columns-default is-cropped wp-block-gallery-1 is-layout-flex wp-block-gallery-is-layout-flex\">\n<figure class=\"wp-block-image size-large\"><a href=\"http:\/\/www.ekimeissenheim.de\/wp-content\/uploads\/IMG-20231002-WA0004.jpg\"><img loading=\"lazy\" decoding=\"async\" width=\"1024\" height=\"768\" data-id=\"8046\" src=\"http:\/\/www.ekimeissenheim.de\/wp-content\/uploads\/IMG-20231002-WA0004.jpg\" alt=\"\" class=\"wp-image-8046\" srcset=\"https:\/\/www.ekimeissenheim.de\/wp-content\/uploads\/IMG-20231002-WA0004.jpg 1024w, https:\/\/www.ekimeissenheim.de\/wp-content\/uploads\/IMG-20231002-WA0004-300x225.jpg 300w, https:\/\/www.ekimeissenheim.de\/wp-content\/uploads\/IMG-20231002-WA0004-768x576.jpg 768w\" sizes=\"auto, (max-width: 1024px) 100vw, 1024px\" \/><\/a><\/figure>\n\n\n\n<figure class=\"wp-block-image size-large\"><a href=\"http:\/\/www.ekimeissenheim.de\/wp-content\/uploads\/IMG-20231002-WA0008.jpg\"><img loading=\"lazy\" decoding=\"async\" width=\"1024\" height=\"768\" data-id=\"8047\" src=\"http:\/\/www.ekimeissenheim.de\/wp-content\/uploads\/IMG-20231002-WA0008.jpg\" alt=\"\" class=\"wp-image-8047\" srcset=\"https:\/\/www.ekimeissenheim.de\/wp-content\/uploads\/IMG-20231002-WA0008.jpg 1024w, https:\/\/www.ekimeissenheim.de\/wp-content\/uploads\/IMG-20231002-WA0008-300x225.jpg 300w, https:\/\/www.ekimeissenheim.de\/wp-content\/uploads\/IMG-20231002-WA0008-768x576.jpg 768w\" sizes=\"auto, (max-width: 1024px) 100vw, 1024px\" \/><\/a><\/figure>\n\n\n\n<figure class=\"wp-block-image size-large\"><a href=\"http:\/\/www.ekimeissenheim.de\/wp-content\/uploads\/IMG-20231002-WA0010.jpg\"><img loading=\"lazy\" decoding=\"async\" width=\"1024\" height=\"768\" data-id=\"8045\" src=\"http:\/\/www.ekimeissenheim.de\/wp-content\/uploads\/IMG-20231002-WA0010.jpg\" alt=\"\" class=\"wp-image-8045\" srcset=\"https:\/\/www.ekimeissenheim.de\/wp-content\/uploads\/IMG-20231002-WA0010.jpg 1024w, https:\/\/www.ekimeissenheim.de\/wp-content\/uploads\/IMG-20231002-WA0010-300x225.jpg 300w, https:\/\/www.ekimeissenheim.de\/wp-content\/uploads\/IMG-20231002-WA0010-768x576.jpg 768w\" sizes=\"auto, (max-width: 1024px) 100vw, 1024px\" \/><\/a><\/figure>\n\n\n\n<figure class=\"wp-block-image size-large\"><a href=\"http:\/\/www.ekimeissenheim.de\/wp-content\/uploads\/IMG-20231002-WA0015.jpg\"><img loading=\"lazy\" decoding=\"async\" width=\"1024\" height=\"768\" data-id=\"8048\" src=\"http:\/\/www.ekimeissenheim.de\/wp-content\/uploads\/IMG-20231002-WA0015.jpg\" alt=\"\" class=\"wp-image-8048\" srcset=\"https:\/\/www.ekimeissenheim.de\/wp-content\/uploads\/IMG-20231002-WA0015.jpg 1024w, https:\/\/www.ekimeissenheim.de\/wp-content\/uploads\/IMG-20231002-WA0015-300x225.jpg 300w, https:\/\/www.ekimeissenheim.de\/wp-content\/uploads\/IMG-20231002-WA0015-768x576.jpg 768w\" sizes=\"auto, (max-width: 1024px) 100vw, 1024px\" \/><\/a><\/figure>\n\n\n\n<figure class=\"wp-block-image size-large\"><a href=\"http:\/\/www.ekimeissenheim.de\/wp-content\/uploads\/IMG-20231002-WA0018.jpg\"><img loading=\"lazy\" decoding=\"async\" width=\"1024\" height=\"768\" data-id=\"8056\" src=\"http:\/\/www.ekimeissenheim.de\/wp-content\/uploads\/IMG-20231002-WA0018.jpg\" alt=\"\" class=\"wp-image-8056\" srcset=\"https:\/\/www.ekimeissenheim.de\/wp-content\/uploads\/IMG-20231002-WA0018.jpg 1024w, https:\/\/www.ekimeissenheim.de\/wp-content\/uploads\/IMG-20231002-WA0018-300x225.jpg 300w, https:\/\/www.ekimeissenheim.de\/wp-content\/uploads\/IMG-20231002-WA0018-768x576.jpg 768w\" sizes=\"auto, (max-width: 1024px) 100vw, 1024px\" \/><\/a><\/figure>\n\n\n\n<figure class=\"wp-block-image size-large\"><a href=\"http:\/\/www.ekimeissenheim.de\/wp-content\/uploads\/IMG-20231002-WA0023.jpg\"><img loading=\"lazy\" decoding=\"async\" width=\"1024\" height=\"768\" data-id=\"8058\" src=\"http:\/\/www.ekimeissenheim.de\/wp-content\/uploads\/IMG-20231002-WA0023.jpg\" alt=\"\" class=\"wp-image-8058\" srcset=\"https:\/\/www.ekimeissenheim.de\/wp-content\/uploads\/IMG-20231002-WA0023.jpg 1024w, https:\/\/www.ekimeissenheim.de\/wp-content\/uploads\/IMG-20231002-WA0023-300x225.jpg 300w, https:\/\/www.ekimeissenheim.de\/wp-content\/uploads\/IMG-20231002-WA0023-768x576.jpg 768w\" sizes=\"auto, (max-width: 1024px) 100vw, 1024px\" \/><\/a><\/figure>\n\n\n\n<figure class=\"wp-block-image size-large\"><a href=\"http:\/\/www.ekimeissenheim.de\/wp-content\/uploads\/IMG-20231002-WA0026.jpg\"><img loading=\"lazy\" decoding=\"async\" width=\"1024\" height=\"768\" data-id=\"8050\" src=\"http:\/\/www.ekimeissenheim.de\/wp-content\/uploads\/IMG-20231002-WA0026.jpg\" alt=\"\" class=\"wp-image-8050\" srcset=\"https:\/\/www.ekimeissenheim.de\/wp-content\/uploads\/IMG-20231002-WA0026.jpg 1024w, https:\/\/www.ekimeissenheim.de\/wp-content\/uploads\/IMG-20231002-WA0026-300x225.jpg 300w, https:\/\/www.ekimeissenheim.de\/wp-content\/uploads\/IMG-20231002-WA0026-768x576.jpg 768w\" sizes=\"auto, (max-width: 1024px) 100vw, 1024px\" \/><\/a><\/figure>\n\n\n\n<figure class=\"wp-block-image size-large\"><a href=\"http:\/\/www.ekimeissenheim.de\/wp-content\/uploads\/IMG-20231002-WA0027.jpg\"><img loading=\"lazy\" decoding=\"async\" width=\"1024\" height=\"768\" data-id=\"8049\" src=\"http:\/\/www.ekimeissenheim.de\/wp-content\/uploads\/IMG-20231002-WA0027.jpg\" alt=\"\" class=\"wp-image-8049\" srcset=\"https:\/\/www.ekimeissenheim.de\/wp-content\/uploads\/IMG-20231002-WA0027.jpg 1024w, https:\/\/www.ekimeissenheim.de\/wp-content\/uploads\/IMG-20231002-WA0027-300x225.jpg 300w, https:\/\/www.ekimeissenheim.de\/wp-content\/uploads\/IMG-20231002-WA0027-768x576.jpg 768w\" sizes=\"auto, (max-width: 1024px) 100vw, 1024px\" \/><\/a><\/figure>\n\n\n\n<figure class=\"wp-block-image size-large\"><a href=\"http:\/\/www.ekimeissenheim.de\/wp-content\/uploads\/IMG-20231002-WA0028.jpg\"><img loading=\"lazy\" decoding=\"async\" width=\"1024\" height=\"768\" data-id=\"8051\" src=\"http:\/\/www.ekimeissenheim.de\/wp-content\/uploads\/IMG-20231002-WA0028.jpg\" alt=\"\" class=\"wp-image-8051\" srcset=\"https:\/\/www.ekimeissenheim.de\/wp-content\/uploads\/IMG-20231002-WA0028.jpg 1024w, https:\/\/www.ekimeissenheim.de\/wp-content\/uploads\/IMG-20231002-WA0028-300x225.jpg 300w, https:\/\/www.ekimeissenheim.de\/wp-content\/uploads\/IMG-20231002-WA0028-768x576.jpg 768w\" sizes=\"auto, (max-width: 1024px) 100vw, 1024px\" \/><\/a><\/figure>\n\n\n\n<figure class=\"wp-block-image size-large\"><a href=\"http:\/\/www.ekimeissenheim.de\/wp-content\/uploads\/IMG-20231002-WA0030.jpg\"><img loading=\"lazy\" decoding=\"async\" width=\"768\" height=\"1024\" data-id=\"8052\" src=\"http:\/\/www.ekimeissenheim.de\/wp-content\/uploads\/IMG-20231002-WA0030.jpg\" alt=\"\" class=\"wp-image-8052\" srcset=\"https:\/\/www.ekimeissenheim.de\/wp-content\/uploads\/IMG-20231002-WA0030.jpg 768w, https:\/\/www.ekimeissenheim.de\/wp-content\/uploads\/IMG-20231002-WA0030-225x300.jpg 225w\" sizes=\"auto, (max-width: 768px) 100vw, 768px\" \/><\/a><\/figure>\n\n\n\n<figure class=\"wp-block-image size-large\"><a href=\"http:\/\/www.ekimeissenheim.de\/wp-content\/uploads\/IMG-20231002-WA0032.jpg\"><img loading=\"lazy\" decoding=\"async\" width=\"1024\" height=\"768\" data-id=\"8053\" src=\"http:\/\/www.ekimeissenheim.de\/wp-content\/uploads\/IMG-20231002-WA0032.jpg\" alt=\"\" class=\"wp-image-8053\" srcset=\"https:\/\/www.ekimeissenheim.de\/wp-content\/uploads\/IMG-20231002-WA0032.jpg 1024w, https:\/\/www.ekimeissenheim.de\/wp-content\/uploads\/IMG-20231002-WA0032-300x225.jpg 300w, https:\/\/www.ekimeissenheim.de\/wp-content\/uploads\/IMG-20231002-WA0032-768x576.jpg 768w\" sizes=\"auto, (max-width: 1024px) 100vw, 1024px\" \/><\/a><\/figure>\n\n\n\n<figure class=\"wp-block-image size-large\"><a href=\"http:\/\/www.ekimeissenheim.de\/wp-content\/uploads\/IMG-20231002-WA0034.jpg\"><img loading=\"lazy\" decoding=\"async\" width=\"1024\" height=\"768\" data-id=\"8054\" src=\"http:\/\/www.ekimeissenheim.de\/wp-content\/uploads\/IMG-20231002-WA0034.jpg\" alt=\"\" class=\"wp-image-8054\" srcset=\"https:\/\/www.ekimeissenheim.de\/wp-content\/uploads\/IMG-20231002-WA0034.jpg 1024w, https:\/\/www.ekimeissenheim.de\/wp-content\/uploads\/IMG-20231002-WA0034-300x225.jpg 300w, https:\/\/www.ekimeissenheim.de\/wp-content\/uploads\/IMG-20231002-WA0034-768x576.jpg 768w\" sizes=\"auto, (max-width: 1024px) 100vw, 1024px\" \/><\/a><\/figure>\n\n\n\n<figure class=\"wp-block-image size-large\"><a href=\"http:\/\/www.ekimeissenheim.de\/wp-content\/uploads\/IMG-20231002-WA0035.jpg\"><img loading=\"lazy\" decoding=\"async\" width=\"768\" height=\"1024\" data-id=\"8055\" src=\"http:\/\/www.ekimeissenheim.de\/wp-content\/uploads\/IMG-20231002-WA0035.jpg\" alt=\"\" class=\"wp-image-8055\" srcset=\"https:\/\/www.ekimeissenheim.de\/wp-content\/uploads\/IMG-20231002-WA0035.jpg 768w, https:\/\/www.ekimeissenheim.de\/wp-content\/uploads\/IMG-20231002-WA0035-225x300.jpg 225w\" sizes=\"auto, (max-width: 768px) 100vw, 768px\" \/><\/a><\/figure>\n\n\n\n<figure class=\"wp-block-image size-large\"><a href=\"http:\/\/www.ekimeissenheim.de\/wp-content\/uploads\/IMG-20231002-WA0036.jpg\"><img loading=\"lazy\" decoding=\"async\" width=\"768\" height=\"1024\" data-id=\"8059\" src=\"http:\/\/www.ekimeissenheim.de\/wp-content\/uploads\/IMG-20231002-WA0036-768x1024.jpg\" alt=\"\" class=\"wp-image-8059\" srcset=\"https:\/\/www.ekimeissenheim.de\/wp-content\/uploads\/IMG-20231002-WA0036-768x1024.jpg 768w, https:\/\/www.ekimeissenheim.de\/wp-content\/uploads\/IMG-20231002-WA0036-225x300.jpg 225w, https:\/\/www.ekimeissenheim.de\/wp-content\/uploads\/IMG-20231002-WA0036-1152x1536.jpg 1152w, https:\/\/www.ekimeissenheim.de\/wp-content\/uploads\/IMG-20231002-WA0036.jpg 1200w\" sizes=\"auto, (max-width: 768px) 100vw, 768px\" \/><\/a><\/figure>\n\n\n\n<figure class=\"wp-block-image size-large\"><a href=\"http:\/\/www.ekimeissenheim.de\/wp-content\/uploads\/IMG-20231002-WA0038.jpg\"><img loading=\"lazy\" decoding=\"async\" width=\"577\" height=\"1024\" data-id=\"8057\" src=\"http:\/\/www.ekimeissenheim.de\/wp-content\/uploads\/IMG-20231002-WA0038-577x1024.jpg\" alt=\"\" class=\"wp-image-8057\" srcset=\"https:\/\/www.ekimeissenheim.de\/wp-content\/uploads\/IMG-20231002-WA0038-577x1024.jpg 577w, https:\/\/www.ekimeissenheim.de\/wp-content\/uploads\/IMG-20231002-WA0038-169x300.jpg 169w, https:\/\/www.ekimeissenheim.de\/wp-content\/uploads\/IMG-20231002-WA0038-768x1364.jpg 768w, https:\/\/www.ekimeissenheim.de\/wp-content\/uploads\/IMG-20231002-WA0038-865x1536.jpg 865w, https:\/\/www.ekimeissenheim.de\/wp-content\/uploads\/IMG-20231002-WA0038.jpg 1126w\" sizes=\"auto, (max-width: 577px) 100vw, 577px\" \/><\/a><\/figure>\n<\/figure>\n","protected":false},"excerpt":{"rendered":"<p>Am 01.10.2023 fand die Verabschiedung in den wohlverdienten Ruhestand von Pfarrer Heinz Adler nach 15 Jahren Amtszeit in Mei\u00dfenheim statt. Den Abschidesgottesdienst umrahmte der Posaunen- und Kirchenchor, in seiner Predigt zitierte Heinz Adler Giovanni Trapattoni &#8222;Ich habe fertig&#8220;. Die Entpflichtung &hellip; <a href=\"https:\/\/www.ekimeissenheim.de\/?p=8042\">Weiterlesen <span class=\"meta-nav\">&rarr;<\/span><\/a><\/p>\n","protected":false},"author":2,"featured_media":0,"comment_status":"closed","ping_status":"open","sticky":false,"template":"","format":"standard","meta":{"ngg_post_thumbnail":0,"footnotes":""},"categories":[1],"tags":[],"class_list":["post-8042","post","type-post","status-publish","format-standard","hentry","category-allgemein"],"_links":{"self":[{"href":"https:\/\/www.ekimeissenheim.de\/index.php?rest_route=\/wp\/v2\/posts\/8042","targetHints":{"allow":["GET"]}}],"collection":[{"href":"https:\/\/www.ekimeissenheim.de\/index.php?rest_route=\/wp\/v2\/posts"}],"about":[{"href":"https:\/\/www.ekimeissenheim.de\/index.php?rest_route=\/wp\/v2\/types\/post"}],"author":[{"embeddable":true,"href":"https:\/\/www.ekimeissenheim.de\/index.php?rest_route=\/wp\/v2\/users\/2"}],"replies":[{"embeddable":true,"href":"https:\/\/www.ekimeissenheim.de\/index.php?rest_route=%2Fwp%2Fv2%2Fcomments&post=8042"}],"version-history":[{"count":3,"href":"https:\/\/www.ekimeissenheim.de\/index.php?rest_route=\/wp\/v2\/posts\/8042\/revisions"}],"predecessor-version":[{"id":8060,"href":"https:\/\/www.ekimeissenheim.de\/index.php?rest_route=\/wp\/v2\/posts\/8042\/revisions\/8060"}],"wp:attachment":[{"href":"https:\/\/www.ekimeissenheim.de\/index.php?rest_route=%2Fwp%2Fv2%2Fmedia&parent=8042"}],"wp:term":[{"taxonomy":"category","embeddable":true,"href":"https:\/\/www.ekimeissenheim.de\/index.php?rest_route=%2Fwp%2Fv2%2Fcategories&post=8042"},{"taxonomy":"post_tag","embeddable":true,"href":"https:\/\/www.ekimeissenheim.de\/index.php?rest_route=%2Fwp%2Fv2%2Ftags&post=8042"}],"curies":[{"name":"wp","href":"https:\/\/api.w.org\/{rel}","templated":true}]}}