{"id":7891,"date":"2023-06-26T15:44:14","date_gmt":"2023-06-26T13:44:14","guid":{"rendered":"http:\/\/www.ekimeissenheim.de\/?p=7891"},"modified":"2023-06-26T15:44:14","modified_gmt":"2023-06-26T13:44:14","slug":"johannismusik-2023","status":"publish","type":"post","link":"https:\/\/www.ekimeissenheim.de\/?p=7891","title":{"rendered":"Johannismusik 2023"},"content":{"rendered":"\n<p>Der Kirchenchor mit Projekts\u00e4ngerinnen und Projekts\u00e4ngern, der Posaunenchor mit unterst\u00fctzenden Bl\u00e4serinnen und Bl\u00e4sern haben eine tolle Johannismusik abgeliefert und ein gro\u00dfes Publikum beeindruckt. Kantorin Susanne Mo\u00dfmann, Posaunenchorleiter G\u00fcnter W\u00e4ldin und Kantor Frank Schaber waren denn auch sehr zufrieden mit dem Verlauf der Johannismusik.<br>Gerne angenommen wurde auch die M\u00f6glichkeit zum gem\u00fctlichen Umtrunk im Kirchgarten.<\/p>\n\n\n\n<figure class=\"wp-block-image size-large is-resized\"><a href=\"http:\/\/www.ekimeissenheim.de\/wp-content\/uploads\/IMG_1480-scaled.jpg\"><img loading=\"lazy\" decoding=\"async\" src=\"http:\/\/www.ekimeissenheim.de\/wp-content\/uploads\/IMG_1480-1024x683.jpg\" alt=\"\" class=\"wp-image-7892\" width=\"512\" height=\"342\" srcset=\"https:\/\/www.ekimeissenheim.de\/wp-content\/uploads\/IMG_1480-1024x683.jpg 1024w, https:\/\/www.ekimeissenheim.de\/wp-content\/uploads\/IMG_1480-300x200.jpg 300w, https:\/\/www.ekimeissenheim.de\/wp-content\/uploads\/IMG_1480-768x512.jpg 768w, https:\/\/www.ekimeissenheim.de\/wp-content\/uploads\/IMG_1480-1536x1024.jpg 1536w, https:\/\/www.ekimeissenheim.de\/wp-content\/uploads\/IMG_1480-2048x1365.jpg 2048w\" sizes=\"auto, (max-width: 512px) 100vw, 512px\" \/><\/a><\/figure>\n\n\n\n<p><\/p>\n\n\n\n<figure class=\"wp-block-image size-large is-resized\"><a href=\"http:\/\/www.ekimeissenheim.de\/wp-content\/uploads\/IMG_1505-scaled.jpg\"><img loading=\"lazy\" decoding=\"async\" src=\"http:\/\/www.ekimeissenheim.de\/wp-content\/uploads\/IMG_1505-1024x683.jpg\" alt=\"\" class=\"wp-image-7893\" width=\"512\" height=\"342\" srcset=\"https:\/\/www.ekimeissenheim.de\/wp-content\/uploads\/IMG_1505-1024x683.jpg 1024w, https:\/\/www.ekimeissenheim.de\/wp-content\/uploads\/IMG_1505-300x200.jpg 300w, https:\/\/www.ekimeissenheim.de\/wp-content\/uploads\/IMG_1505-768x512.jpg 768w, https:\/\/www.ekimeissenheim.de\/wp-content\/uploads\/IMG_1505-1536x1024.jpg 1536w, https:\/\/www.ekimeissenheim.de\/wp-content\/uploads\/IMG_1505-2048x1365.jpg 2048w\" sizes=\"auto, (max-width: 512px) 100vw, 512px\" \/><\/a><\/figure>\n\n\n\n<figure class=\"wp-block-image size-large is-resized\"><a href=\"http:\/\/www.ekimeissenheim.de\/wp-content\/uploads\/IMG_4110-scaled.jpg\"><img loading=\"lazy\" decoding=\"async\" src=\"http:\/\/www.ekimeissenheim.de\/wp-content\/uploads\/IMG_4110-1024x683.jpg\" alt=\"\" class=\"wp-image-7894\" width=\"512\" height=\"342\" srcset=\"https:\/\/www.ekimeissenheim.de\/wp-content\/uploads\/IMG_4110-1024x683.jpg 1024w, https:\/\/www.ekimeissenheim.de\/wp-content\/uploads\/IMG_4110-300x200.jpg 300w, https:\/\/www.ekimeissenheim.de\/wp-content\/uploads\/IMG_4110-768x512.jpg 768w, https:\/\/www.ekimeissenheim.de\/wp-content\/uploads\/IMG_4110-1536x1024.jpg 1536w, https:\/\/www.ekimeissenheim.de\/wp-content\/uploads\/IMG_4110-2048x1365.jpg 2048w\" sizes=\"auto, (max-width: 512px) 100vw, 512px\" \/><\/a><\/figure>\n\n\n\n<figure class=\"wp-block-image size-large is-resized\"><a href=\"http:\/\/www.ekimeissenheim.de\/wp-content\/uploads\/IMG_4118-scaled.jpg\"><img loading=\"lazy\" decoding=\"async\" src=\"http:\/\/www.ekimeissenheim.de\/wp-content\/uploads\/IMG_4118-1024x683.jpg\" alt=\"\" class=\"wp-image-7895\" width=\"512\" height=\"342\" srcset=\"https:\/\/www.ekimeissenheim.de\/wp-content\/uploads\/IMG_4118-1024x683.jpg 1024w, https:\/\/www.ekimeissenheim.de\/wp-content\/uploads\/IMG_4118-300x200.jpg 300w, https:\/\/www.ekimeissenheim.de\/wp-content\/uploads\/IMG_4118-768x512.jpg 768w, https:\/\/www.ekimeissenheim.de\/wp-content\/uploads\/IMG_4118-1536x1024.jpg 1536w, https:\/\/www.ekimeissenheim.de\/wp-content\/uploads\/IMG_4118-2048x1365.jpg 2048w\" sizes=\"auto, (max-width: 512px) 100vw, 512px\" \/><\/a><\/figure>\n\n\n\n<figure class=\"wp-block-image size-large is-resized\"><a href=\"http:\/\/www.ekimeissenheim.de\/wp-content\/uploads\/IMG_4117-scaled.jpg\"><img loading=\"lazy\" decoding=\"async\" src=\"http:\/\/www.ekimeissenheim.de\/wp-content\/uploads\/IMG_4117-1024x683.jpg\" alt=\"\" class=\"wp-image-7896\" width=\"512\" height=\"342\" srcset=\"https:\/\/www.ekimeissenheim.de\/wp-content\/uploads\/IMG_4117-1024x683.jpg 1024w, https:\/\/www.ekimeissenheim.de\/wp-content\/uploads\/IMG_4117-300x200.jpg 300w, https:\/\/www.ekimeissenheim.de\/wp-content\/uploads\/IMG_4117-768x512.jpg 768w, https:\/\/www.ekimeissenheim.de\/wp-content\/uploads\/IMG_4117-1536x1024.jpg 1536w, https:\/\/www.ekimeissenheim.de\/wp-content\/uploads\/IMG_4117-2048x1365.jpg 2048w\" sizes=\"auto, (max-width: 512px) 100vw, 512px\" \/><\/a><\/figure>\n","protected":false},"excerpt":{"rendered":"<p>Der Kirchenchor mit Projekts\u00e4ngerinnen und Projekts\u00e4ngern, der Posaunenchor mit unterst\u00fctzenden Bl\u00e4serinnen und Bl\u00e4sern haben eine tolle Johannismusik abgeliefert und ein gro\u00dfes Publikum beeindruckt. Kantorin Susanne Mo\u00dfmann, Posaunenchorleiter G\u00fcnter W\u00e4ldin und Kantor Frank Schaber waren denn auch sehr zufrieden mit dem &hellip; <a href=\"https:\/\/www.ekimeissenheim.de\/?p=7891\">Weiterlesen <span class=\"meta-nav\">&rarr;<\/span><\/a><\/p>\n","protected":false},"author":2,"featured_media":0,"comment_status":"open","ping_status":"open","sticky":false,"template":"","format":"standard","meta":{"ngg_post_thumbnail":0,"footnotes":""},"categories":[1],"tags":[],"class_list":["post-7891","post","type-post","status-publish","format-standard","hentry","category-allgemein"],"_links":{"self":[{"href":"https:\/\/www.ekimeissenheim.de\/index.php?rest_route=\/wp\/v2\/posts\/7891","targetHints":{"allow":["GET"]}}],"collection":[{"href":"https:\/\/www.ekimeissenheim.de\/index.php?rest_route=\/wp\/v2\/posts"}],"about":[{"href":"https:\/\/www.ekimeissenheim.de\/index.php?rest_route=\/wp\/v2\/types\/post"}],"author":[{"embeddable":true,"href":"https:\/\/www.ekimeissenheim.de\/index.php?rest_route=\/wp\/v2\/users\/2"}],"replies":[{"embeddable":true,"href":"https:\/\/www.ekimeissenheim.de\/index.php?rest_route=%2Fwp%2Fv2%2Fcomments&post=7891"}],"version-history":[{"count":1,"href":"https:\/\/www.ekimeissenheim.de\/index.php?rest_route=\/wp\/v2\/posts\/7891\/revisions"}],"predecessor-version":[{"id":7897,"href":"https:\/\/www.ekimeissenheim.de\/index.php?rest_route=\/wp\/v2\/posts\/7891\/revisions\/7897"}],"wp:attachment":[{"href":"https:\/\/www.ekimeissenheim.de\/index.php?rest_route=%2Fwp%2Fv2%2Fmedia&parent=7891"}],"wp:term":[{"taxonomy":"category","embeddable":true,"href":"https:\/\/www.ekimeissenheim.de\/index.php?rest_route=%2Fwp%2Fv2%2Fcategories&post=7891"},{"taxonomy":"post_tag","embeddable":true,"href":"https:\/\/www.ekimeissenheim.de\/index.php?rest_route=%2Fwp%2Fv2%2Ftags&post=7891"}],"curies":[{"name":"wp","href":"https:\/\/api.w.org\/{rel}","templated":true}]}}