{"id":7832,"date":"2023-05-11T09:12:51","date_gmt":"2023-05-11T07:12:51","guid":{"rendered":"http:\/\/www.ekimeissenheim.de\/?p=7832"},"modified":"2023-05-11T09:12:51","modified_gmt":"2023-05-11T07:12:51","slug":"jubelkonfirmation-am-sonntag-kantate","status":"publish","type":"post","link":"https:\/\/www.ekimeissenheim.de\/?p=7832","title":{"rendered":"Jubelkonfirmation am Sonntag &#8222;Kantate&#8220;"},"content":{"rendered":"\n<p>Aus K\u00fcrzell und aus Mei\u00dfenheim haben sich Jubelkonfirmandinnen und Jubelkonfirmanden zu einem Gedenkgottesdienst getroffen. Es waren Goldene und Diamantene Jubilare anwesend.<\/p>\n\n\n\n<figure class=\"wp-block-image size-large\"><a href=\"http:\/\/www.ekimeissenheim.de\/wp-content\/uploads\/IMG_8798-scaled.jpg\"><img loading=\"lazy\" decoding=\"async\" width=\"1024\" height=\"683\" src=\"http:\/\/www.ekimeissenheim.de\/wp-content\/uploads\/IMG_8798-1024x683.jpg\" alt=\"\" class=\"wp-image-7833\" srcset=\"https:\/\/www.ekimeissenheim.de\/wp-content\/uploads\/IMG_8798-1024x683.jpg 1024w, https:\/\/www.ekimeissenheim.de\/wp-content\/uploads\/IMG_8798-300x200.jpg 300w, https:\/\/www.ekimeissenheim.de\/wp-content\/uploads\/IMG_8798-768x512.jpg 768w, https:\/\/www.ekimeissenheim.de\/wp-content\/uploads\/IMG_8798-1536x1024.jpg 1536w, https:\/\/www.ekimeissenheim.de\/wp-content\/uploads\/IMG_8798-2048x1365.jpg 2048w\" sizes=\"auto, (max-width: 1024px) 100vw, 1024px\" \/><\/a><\/figure>\n\n\n\n<p>Mitgefeiert haben:<br>Goldene Konfirmandinnen und Konfirmanden aus Mei\u00dfenheim:<br>Marion Heimburger, geb. Hamm &#8211; Sybille Hummel, geb. Rupprecht &#8211; Inge Lapp, geb. Wohlschlegel &#8211; Jutta Sch\u00e4fer, geb. Oed &#8211; Wilfried Rogall &#8211; Marianne Roth, geb. H\u00e4s &#8211; Gabriele Rudolf, geb. Klawikowski &#8211; Silvia Stiefel, geb. Maurer &#8211; Wilfried Velz &#8211; Anneliese Wirth, geb. Hartwich<\/p>\n\n\n\n<p>Goldene Konfirmandinnen und Konfirmanden aus K\u00fcrzell:<br>Klaus Dieter B\u00f6hm &#8211; Jutta Hahn, geb. Weber &#8211; Manfred H\u00fcgli &#8211; G\u00fcnter Kientz &#8211; Marlene Killius &#8211; Klaus Pauli &#8211; Angelika Teufel geb. Scharf &#8211; Gudrun Thommen, geb. Weber &#8211; Dieter Wohlschlegel<\/p>\n\n\n\n<p>Diamantene Konfirmandinnen und Konfirmanden aus Mei\u00dfenheim:<br>Ernst Danzeisen &#8211; Klaus Huser &#8211; Margit Kiefer, geb. Z\u00fcrcher &#8211; G\u00fcnter Luick &#8211; Gerhard Reith &#8211; Helmut Reith &#8211; Christa Roth, geb. Hoppen<\/p>\n\n\n\n<p>Diamantene Konfirmandinnen und Konfirmanden aus K\u00fcrzell:<br>Werngard Klitsch, geb. Killus &#8211; Elfriede Zetting, geb. Zibold &#8211; Margrit Zucker, geb. Heimburger<\/p>\n","protected":false},"excerpt":{"rendered":"<p>Aus K\u00fcrzell und aus Mei\u00dfenheim haben sich Jubelkonfirmandinnen und Jubelkonfirmanden zu einem Gedenkgottesdienst getroffen. Es waren Goldene und Diamantene Jubilare anwesend. Mitgefeiert haben:Goldene Konfirmandinnen und Konfirmanden aus Mei\u00dfenheim:Marion Heimburger, geb. Hamm &#8211; Sybille Hummel, geb. Rupprecht &#8211; Inge Lapp, geb. &hellip; <a href=\"https:\/\/www.ekimeissenheim.de\/?p=7832\">Weiterlesen <span class=\"meta-nav\">&rarr;<\/span><\/a><\/p>\n","protected":false},"author":2,"featured_media":0,"comment_status":"open","ping_status":"open","sticky":false,"template":"","format":"standard","meta":{"ngg_post_thumbnail":0,"footnotes":""},"categories":[1],"tags":[],"class_list":["post-7832","post","type-post","status-publish","format-standard","hentry","category-allgemein"],"_links":{"self":[{"href":"https:\/\/www.ekimeissenheim.de\/index.php?rest_route=\/wp\/v2\/posts\/7832","targetHints":{"allow":["GET"]}}],"collection":[{"href":"https:\/\/www.ekimeissenheim.de\/index.php?rest_route=\/wp\/v2\/posts"}],"about":[{"href":"https:\/\/www.ekimeissenheim.de\/index.php?rest_route=\/wp\/v2\/types\/post"}],"author":[{"embeddable":true,"href":"https:\/\/www.ekimeissenheim.de\/index.php?rest_route=\/wp\/v2\/users\/2"}],"replies":[{"embeddable":true,"href":"https:\/\/www.ekimeissenheim.de\/index.php?rest_route=%2Fwp%2Fv2%2Fcomments&post=7832"}],"version-history":[{"count":1,"href":"https:\/\/www.ekimeissenheim.de\/index.php?rest_route=\/wp\/v2\/posts\/7832\/revisions"}],"predecessor-version":[{"id":7834,"href":"https:\/\/www.ekimeissenheim.de\/index.php?rest_route=\/wp\/v2\/posts\/7832\/revisions\/7834"}],"wp:attachment":[{"href":"https:\/\/www.ekimeissenheim.de\/index.php?rest_route=%2Fwp%2Fv2%2Fmedia&parent=7832"}],"wp:term":[{"taxonomy":"category","embeddable":true,"href":"https:\/\/www.ekimeissenheim.de\/index.php?rest_route=%2Fwp%2Fv2%2Fcategories&post=7832"},{"taxonomy":"post_tag","embeddable":true,"href":"https:\/\/www.ekimeissenheim.de\/index.php?rest_route=%2Fwp%2Fv2%2Ftags&post=7832"}],"curies":[{"name":"wp","href":"https:\/\/api.w.org\/{rel}","templated":true}]}}