{"id":7632,"date":"2023-01-23T11:55:11","date_gmt":"2023-01-23T09:55:11","guid":{"rendered":"http:\/\/www.ekimeissenheim.de\/?p=7632"},"modified":"2023-01-23T11:55:11","modified_gmt":"2023-01-23T09:55:11","slug":"neujahrsempfang-der-kirchengemeinde-kuerzell-4","status":"publish","type":"post","link":"https:\/\/www.ekimeissenheim.de\/?p=7632","title":{"rendered":"Neujahrsempfang der Kirchengemeinde K\u00fcrzell"},"content":{"rendered":"\n<p>Nach zwei Jahren Pause &#8211; durch Corona bedingt &#8211; gab es wieder einen Gottesdienst mit anschlie\u00dfendem Neujahrsempfang.<br>In diesem Gottesdienst wurde auch die langj\u00e4hrige Mesnerin Elfriede Wagner aus ihrem Dienst verabschiedet. \u00dcber 13 Jahre war sie als Mesnerin &#8211; mit Edith Wurth zusammen &#8211; die gute Seele der Gottesdienste. Die Gemeinde dankt ihr herzlich f\u00fcr ihren Dienst und w\u00fcnscht ihr Gottes Segen und Gesundheit.<br>Verabschiedet wurden auch Sigrid und Georg Kunz, die \u00fcber einige Jahre die Au\u00dfenanlage der Kirche und des Kindergartens gepflegt hatten; auch ihnen gilt ein herzlicher Dank.<\/p>\n\n\n\n<figure class=\"wp-block-image size-full\"><a href=\"http:\/\/www.ekimeissenheim.de\/wp-content\/uploads\/Georg-Kunz-Sigrid-Kunz-Pfr.-Adler-Elfriede-Wagner.jpg\"><img loading=\"lazy\" decoding=\"async\" width=\"900\" height=\"600\" src=\"http:\/\/www.ekimeissenheim.de\/wp-content\/uploads\/Georg-Kunz-Sigrid-Kunz-Pfr.-Adler-Elfriede-Wagner.jpg\" alt=\"\" class=\"wp-image-7633\" srcset=\"https:\/\/www.ekimeissenheim.de\/wp-content\/uploads\/Georg-Kunz-Sigrid-Kunz-Pfr.-Adler-Elfriede-Wagner.jpg 900w, https:\/\/www.ekimeissenheim.de\/wp-content\/uploads\/Georg-Kunz-Sigrid-Kunz-Pfr.-Adler-Elfriede-Wagner-300x200.jpg 300w, https:\/\/www.ekimeissenheim.de\/wp-content\/uploads\/Georg-Kunz-Sigrid-Kunz-Pfr.-Adler-Elfriede-Wagner-768x512.jpg 768w\" sizes=\"auto, (max-width: 900px) 100vw, 900px\" \/><\/a><figcaption class=\"wp-element-caption\">Georg und Sigrid Kunz &#8211; Pfr. Adler &#8211; Elfriede Wagner<\/figcaption><\/figure>\n\n\n\n<p>Erfreulich f\u00fcr die Gemeinde ist, dass wir in Edith Roth eine neue Mesnerin gefunden haben und hei\u00dfen sie in ihrem Amt herzlich willkommen.<\/p>\n\n\n\n<figure class=\"wp-block-image size-full\"><a href=\"http:\/\/www.ekimeissenheim.de\/wp-content\/uploads\/Edith-Roth.jpg\"><img loading=\"lazy\" decoding=\"async\" width=\"900\" height=\"600\" src=\"http:\/\/www.ekimeissenheim.de\/wp-content\/uploads\/Edith-Roth.jpg\" alt=\"\" class=\"wp-image-7634\" srcset=\"https:\/\/www.ekimeissenheim.de\/wp-content\/uploads\/Edith-Roth.jpg 900w, https:\/\/www.ekimeissenheim.de\/wp-content\/uploads\/Edith-Roth-300x200.jpg 300w, https:\/\/www.ekimeissenheim.de\/wp-content\/uploads\/Edith-Roth-768x512.jpg 768w\" sizes=\"auto, (max-width: 900px) 100vw, 900px\" \/><\/a><figcaption class=\"wp-element-caption\">Edith Roth mit Pfr. Adler<\/figcaption><\/figure>\n","protected":false},"excerpt":{"rendered":"<p>Nach zwei Jahren Pause &#8211; durch Corona bedingt &#8211; gab es wieder einen Gottesdienst mit anschlie\u00dfendem Neujahrsempfang.In diesem Gottesdienst wurde auch die langj\u00e4hrige Mesnerin Elfriede Wagner aus ihrem Dienst verabschiedet. \u00dcber 13 Jahre war sie als Mesnerin &#8211; mit Edith &hellip; <a href=\"https:\/\/www.ekimeissenheim.de\/?p=7632\">Weiterlesen <span class=\"meta-nav\">&rarr;<\/span><\/a><\/p>\n","protected":false},"author":2,"featured_media":0,"comment_status":"open","ping_status":"open","sticky":false,"template":"","format":"standard","meta":{"ngg_post_thumbnail":0,"footnotes":""},"categories":[1],"tags":[],"class_list":["post-7632","post","type-post","status-publish","format-standard","hentry","category-allgemein"],"_links":{"self":[{"href":"https:\/\/www.ekimeissenheim.de\/index.php?rest_route=\/wp\/v2\/posts\/7632","targetHints":{"allow":["GET"]}}],"collection":[{"href":"https:\/\/www.ekimeissenheim.de\/index.php?rest_route=\/wp\/v2\/posts"}],"about":[{"href":"https:\/\/www.ekimeissenheim.de\/index.php?rest_route=\/wp\/v2\/types\/post"}],"author":[{"embeddable":true,"href":"https:\/\/www.ekimeissenheim.de\/index.php?rest_route=\/wp\/v2\/users\/2"}],"replies":[{"embeddable":true,"href":"https:\/\/www.ekimeissenheim.de\/index.php?rest_route=%2Fwp%2Fv2%2Fcomments&post=7632"}],"version-history":[{"count":1,"href":"https:\/\/www.ekimeissenheim.de\/index.php?rest_route=\/wp\/v2\/posts\/7632\/revisions"}],"predecessor-version":[{"id":7635,"href":"https:\/\/www.ekimeissenheim.de\/index.php?rest_route=\/wp\/v2\/posts\/7632\/revisions\/7635"}],"wp:attachment":[{"href":"https:\/\/www.ekimeissenheim.de\/index.php?rest_route=%2Fwp%2Fv2%2Fmedia&parent=7632"}],"wp:term":[{"taxonomy":"category","embeddable":true,"href":"https:\/\/www.ekimeissenheim.de\/index.php?rest_route=%2Fwp%2Fv2%2Fcategories&post=7632"},{"taxonomy":"post_tag","embeddable":true,"href":"https:\/\/www.ekimeissenheim.de\/index.php?rest_route=%2Fwp%2Fv2%2Ftags&post=7632"}],"curies":[{"name":"wp","href":"https:\/\/api.w.org\/{rel}","templated":true}]}}