{"id":7566,"date":"2022-11-28T17:01:58","date_gmt":"2022-11-28T15:01:58","guid":{"rendered":"http:\/\/www.ekimeissenheim.de\/?p=7566"},"modified":"2022-11-28T17:01:58","modified_gmt":"2022-11-28T15:01:58","slug":"adventsmusik-2022","status":"publish","type":"post","link":"https:\/\/www.ekimeissenheim.de\/?p=7566","title":{"rendered":"Adventsmusik 2022"},"content":{"rendered":"\n<p>Eine kleine Tradition ist jetzt schon die Adventsmusik des Kirchenchores am 1. Advent. Viele Mitwirkende gab es, Gasts\u00e4ngerinnen und Gasts\u00e4nger, die Sopranistin Marion Matter und ein kleines Orchester, sowie Kantor Frank Spengler an den Orgeln. Die Gesamtleitung hatte Kantorin Susanne Mo\u00dfmann. Es hat alle gefreut, dass die Adventsmusik so gut besucht war und die Anwesenden konnten ein sch\u00f6nes Konzert genie\u00dfen.<\/p>\n\n\n\n<figure class=\"wp-block-image size-full\"><a href=\"http:\/\/www.ekimeissenheim.de\/wp-content\/uploads\/IMG_6343.jpg\"><img loading=\"lazy\" decoding=\"async\" width=\"900\" height=\"600\" src=\"http:\/\/www.ekimeissenheim.de\/wp-content\/uploads\/IMG_6343.jpg\" alt=\"\" class=\"wp-image-7567\" srcset=\"https:\/\/www.ekimeissenheim.de\/wp-content\/uploads\/IMG_6343.jpg 900w, https:\/\/www.ekimeissenheim.de\/wp-content\/uploads\/IMG_6343-300x200.jpg 300w, https:\/\/www.ekimeissenheim.de\/wp-content\/uploads\/IMG_6343-768x512.jpg 768w\" sizes=\"auto, (max-width: 900px) 100vw, 900px\" \/><\/a><\/figure>\n\n\n\n<figure class=\"wp-block-image size-full\"><a href=\"http:\/\/www.ekimeissenheim.de\/wp-content\/uploads\/IMG_6368.jpg\"><img loading=\"lazy\" decoding=\"async\" width=\"900\" height=\"600\" src=\"http:\/\/www.ekimeissenheim.de\/wp-content\/uploads\/IMG_6368.jpg\" alt=\"\" class=\"wp-image-7568\" srcset=\"https:\/\/www.ekimeissenheim.de\/wp-content\/uploads\/IMG_6368.jpg 900w, https:\/\/www.ekimeissenheim.de\/wp-content\/uploads\/IMG_6368-300x200.jpg 300w, https:\/\/www.ekimeissenheim.de\/wp-content\/uploads\/IMG_6368-768x512.jpg 768w\" sizes=\"auto, (max-width: 900px) 100vw, 900px\" \/><\/a><\/figure>\n","protected":false},"excerpt":{"rendered":"<p>Eine kleine Tradition ist jetzt schon die Adventsmusik des Kirchenchores am 1. Advent. Viele Mitwirkende gab es, Gasts\u00e4ngerinnen und Gasts\u00e4nger, die Sopranistin Marion Matter und ein kleines Orchester, sowie Kantor Frank Spengler an den Orgeln. Die Gesamtleitung hatte Kantorin Susanne &hellip; <a href=\"https:\/\/www.ekimeissenheim.de\/?p=7566\">Weiterlesen <span class=\"meta-nav\">&rarr;<\/span><\/a><\/p>\n","protected":false},"author":2,"featured_media":0,"comment_status":"open","ping_status":"open","sticky":false,"template":"","format":"standard","meta":{"ngg_post_thumbnail":0,"footnotes":""},"categories":[1],"tags":[],"class_list":["post-7566","post","type-post","status-publish","format-standard","hentry","category-allgemein"],"_links":{"self":[{"href":"https:\/\/www.ekimeissenheim.de\/index.php?rest_route=\/wp\/v2\/posts\/7566","targetHints":{"allow":["GET"]}}],"collection":[{"href":"https:\/\/www.ekimeissenheim.de\/index.php?rest_route=\/wp\/v2\/posts"}],"about":[{"href":"https:\/\/www.ekimeissenheim.de\/index.php?rest_route=\/wp\/v2\/types\/post"}],"author":[{"embeddable":true,"href":"https:\/\/www.ekimeissenheim.de\/index.php?rest_route=\/wp\/v2\/users\/2"}],"replies":[{"embeddable":true,"href":"https:\/\/www.ekimeissenheim.de\/index.php?rest_route=%2Fwp%2Fv2%2Fcomments&post=7566"}],"version-history":[{"count":1,"href":"https:\/\/www.ekimeissenheim.de\/index.php?rest_route=\/wp\/v2\/posts\/7566\/revisions"}],"predecessor-version":[{"id":7569,"href":"https:\/\/www.ekimeissenheim.de\/index.php?rest_route=\/wp\/v2\/posts\/7566\/revisions\/7569"}],"wp:attachment":[{"href":"https:\/\/www.ekimeissenheim.de\/index.php?rest_route=%2Fwp%2Fv2%2Fmedia&parent=7566"}],"wp:term":[{"taxonomy":"category","embeddable":true,"href":"https:\/\/www.ekimeissenheim.de\/index.php?rest_route=%2Fwp%2Fv2%2Fcategories&post=7566"},{"taxonomy":"post_tag","embeddable":true,"href":"https:\/\/www.ekimeissenheim.de\/index.php?rest_route=%2Fwp%2Fv2%2Ftags&post=7566"}],"curies":[{"name":"wp","href":"https:\/\/api.w.org\/{rel}","templated":true}]}}