{"id":7495,"date":"2022-10-14T09:11:30","date_gmt":"2022-10-14T07:11:30","guid":{"rendered":"http:\/\/www.ekimeissenheim.de\/?p=7495"},"modified":"2022-10-14T09:13:53","modified_gmt":"2022-10-14T07:13:53","slug":"psalm-23-und-meine-beziehung-zu-gott","status":"publish","type":"post","link":"https:\/\/www.ekimeissenheim.de\/?p=7495","title":{"rendered":"Psalm 23 und meine Beziehung zu Gott"},"content":{"rendered":"\n<p>Im Konfirmandenunterricht besch\u00e4ftigten wir uns mit dem Gebet und Psalm 23 als eines der klassischen Gebete. Nachgedacht haben wir auch \u00fcber die N\u00e4he oder Distanz zu Gott. Zu folgenden Aussagen haben wir unsere Figuren positioniert: Manchmal ist Gott mir sehr nah und ich wei\u00df, er ist f\u00fcr mich da! &#8211; Manchmal ist Gott f\u00fcr mich unendlich weit weg und ich wei\u00df nicht, wo ich ihn suchen soll! &#8211; Manchmal denke ich, Gott ist anders, als wir ihn uns vorstellen!<\/p>\n\n\n\n<p>Diese Aussagen haben wir dann auch mit Psalm 23 in Beziehung gebracht und Teile des Psalms den Aussagen zugeordnet.<\/p>\n\n\n\n<figure class=\"wp-block-image size-full\"><a href=\"http:\/\/www.ekimeissenheim.de\/wp-content\/uploads\/Psalm-23-Gott-nahe-oder-fern2.jpg\"><img loading=\"lazy\" decoding=\"async\" width=\"900\" height=\"600\" src=\"http:\/\/www.ekimeissenheim.de\/wp-content\/uploads\/Psalm-23-Gott-nahe-oder-fern2.jpg\" alt=\"\" class=\"wp-image-7496\" srcset=\"https:\/\/www.ekimeissenheim.de\/wp-content\/uploads\/Psalm-23-Gott-nahe-oder-fern2.jpg 900w, https:\/\/www.ekimeissenheim.de\/wp-content\/uploads\/Psalm-23-Gott-nahe-oder-fern2-300x200.jpg 300w, https:\/\/www.ekimeissenheim.de\/wp-content\/uploads\/Psalm-23-Gott-nahe-oder-fern2-768x512.jpg 768w\" sizes=\"auto, (max-width: 900px) 100vw, 900px\" \/><\/a><\/figure>\n\n\n\n<figure class=\"wp-block-image size-full\"><a href=\"http:\/\/www.ekimeissenheim.de\/wp-content\/uploads\/Psalm-23-Gott-nahe-oder-fern1.jpg\"><img loading=\"lazy\" decoding=\"async\" width=\"900\" height=\"600\" src=\"http:\/\/www.ekimeissenheim.de\/wp-content\/uploads\/Psalm-23-Gott-nahe-oder-fern1.jpg\" alt=\"\" class=\"wp-image-7497\" srcset=\"https:\/\/www.ekimeissenheim.de\/wp-content\/uploads\/Psalm-23-Gott-nahe-oder-fern1.jpg 900w, https:\/\/www.ekimeissenheim.de\/wp-content\/uploads\/Psalm-23-Gott-nahe-oder-fern1-300x200.jpg 300w, https:\/\/www.ekimeissenheim.de\/wp-content\/uploads\/Psalm-23-Gott-nahe-oder-fern1-768x512.jpg 768w\" sizes=\"auto, (max-width: 900px) 100vw, 900px\" \/><\/a><\/figure>\n","protected":false},"excerpt":{"rendered":"<p>Im Konfirmandenunterricht besch\u00e4ftigten wir uns mit dem Gebet und Psalm 23 als eines der klassischen Gebete. Nachgedacht haben wir auch \u00fcber die N\u00e4he oder Distanz zu Gott. Zu folgenden Aussagen haben wir unsere Figuren positioniert: Manchmal ist Gott mir sehr &hellip; <a href=\"https:\/\/www.ekimeissenheim.de\/?p=7495\">Weiterlesen <span class=\"meta-nav\">&rarr;<\/span><\/a><\/p>\n","protected":false},"author":2,"featured_media":0,"comment_status":"open","ping_status":"open","sticky":false,"template":"","format":"standard","meta":{"ngg_post_thumbnail":0,"footnotes":""},"categories":[1],"tags":[],"class_list":["post-7495","post","type-post","status-publish","format-standard","hentry","category-allgemein"],"_links":{"self":[{"href":"https:\/\/www.ekimeissenheim.de\/index.php?rest_route=\/wp\/v2\/posts\/7495","targetHints":{"allow":["GET"]}}],"collection":[{"href":"https:\/\/www.ekimeissenheim.de\/index.php?rest_route=\/wp\/v2\/posts"}],"about":[{"href":"https:\/\/www.ekimeissenheim.de\/index.php?rest_route=\/wp\/v2\/types\/post"}],"author":[{"embeddable":true,"href":"https:\/\/www.ekimeissenheim.de\/index.php?rest_route=\/wp\/v2\/users\/2"}],"replies":[{"embeddable":true,"href":"https:\/\/www.ekimeissenheim.de\/index.php?rest_route=%2Fwp%2Fv2%2Fcomments&post=7495"}],"version-history":[{"count":2,"href":"https:\/\/www.ekimeissenheim.de\/index.php?rest_route=\/wp\/v2\/posts\/7495\/revisions"}],"predecessor-version":[{"id":7499,"href":"https:\/\/www.ekimeissenheim.de\/index.php?rest_route=\/wp\/v2\/posts\/7495\/revisions\/7499"}],"wp:attachment":[{"href":"https:\/\/www.ekimeissenheim.de\/index.php?rest_route=%2Fwp%2Fv2%2Fmedia&parent=7495"}],"wp:term":[{"taxonomy":"category","embeddable":true,"href":"https:\/\/www.ekimeissenheim.de\/index.php?rest_route=%2Fwp%2Fv2%2Fcategories&post=7495"},{"taxonomy":"post_tag","embeddable":true,"href":"https:\/\/www.ekimeissenheim.de\/index.php?rest_route=%2Fwp%2Fv2%2Ftags&post=7495"}],"curies":[{"name":"wp","href":"https:\/\/api.w.org\/{rel}","templated":true}]}}