{"id":7482,"date":"2022-10-14T08:35:12","date_gmt":"2022-10-14T06:35:12","guid":{"rendered":"http:\/\/www.ekimeissenheim.de\/?p=7482"},"modified":"2022-10-14T08:35:12","modified_gmt":"2022-10-14T06:35:12","slug":"erntedank-kirchenchor-ehrt-jubilare","status":"publish","type":"post","link":"https:\/\/www.ekimeissenheim.de\/?p=7482","title":{"rendered":"Erntedank &#8211; Kirchenchor ehrt Jubilare"},"content":{"rendered":"\n<p>Eine Tradition ist es mittlerweile, dass der Kirchenchor seine verdienten S\u00e4ngerinnen und S\u00e4nger an Erntedank ehrt. In diesem Jahr wurden sechs  Jubilare geehrt: Martha Kern, 65 Jahre; Gerlinde Hielinger, 50 Jahre; Monika Glaser, 25 Jahre; Uschi Spengler und Ulrike H\u00e4s, 20 Jahre; und Heinz Reith, 15 Jahre.<br>Kantorin Susanne Mo\u00dfmann hielt f\u00fcr die Geehrten die Laudatio. Leider konnten &#8211; krankheitsbedingt &#8211;  nicht alle zu Ehrenden anwesend sein.<\/p>\n\n\n\n<figure class=\"wp-block-image size-full\"><a href=\"http:\/\/www.ekimeissenheim.de\/wp-content\/uploads\/Erntedank-2022-Erntegaben.jpg\"><img loading=\"lazy\" decoding=\"async\" width=\"1000\" height=\"667\" src=\"http:\/\/www.ekimeissenheim.de\/wp-content\/uploads\/Erntedank-2022-Erntegaben.jpg\" alt=\"\" class=\"wp-image-7483\" srcset=\"https:\/\/www.ekimeissenheim.de\/wp-content\/uploads\/Erntedank-2022-Erntegaben.jpg 1000w, https:\/\/www.ekimeissenheim.de\/wp-content\/uploads\/Erntedank-2022-Erntegaben-300x200.jpg 300w, https:\/\/www.ekimeissenheim.de\/wp-content\/uploads\/Erntedank-2022-Erntegaben-768x512.jpg 768w\" sizes=\"auto, (max-width: 1000px) 100vw, 1000px\" \/><\/a><\/figure>\n\n\n\n<figure class=\"wp-block-image size-full\"><a href=\"http:\/\/www.ekimeissenheim.de\/wp-content\/uploads\/Erntedank-2022-Jubilare-KiChor.jpg\"><img loading=\"lazy\" decoding=\"async\" width=\"1000\" height=\"667\" src=\"http:\/\/www.ekimeissenheim.de\/wp-content\/uploads\/Erntedank-2022-Jubilare-KiChor.jpg\" alt=\"\" class=\"wp-image-7484\" srcset=\"https:\/\/www.ekimeissenheim.de\/wp-content\/uploads\/Erntedank-2022-Jubilare-KiChor.jpg 1000w, https:\/\/www.ekimeissenheim.de\/wp-content\/uploads\/Erntedank-2022-Jubilare-KiChor-300x200.jpg 300w, https:\/\/www.ekimeissenheim.de\/wp-content\/uploads\/Erntedank-2022-Jubilare-KiChor-768x512.jpg 768w\" sizes=\"auto, (max-width: 1000px) 100vw, 1000px\" \/><\/a><figcaption>von links nach rechts: Pfr. Heinz Adler, Heinz Reith, Gerlinde Hierlinger, Ulrike H\u00e4s, Kantorin Susanne Mo\u00dfmann<\/figcaption><\/figure>\n","protected":false},"excerpt":{"rendered":"<p>Eine Tradition ist es mittlerweile, dass der Kirchenchor seine verdienten S\u00e4ngerinnen und S\u00e4nger an Erntedank ehrt. In diesem Jahr wurden sechs Jubilare geehrt: Martha Kern, 65 Jahre; Gerlinde Hielinger, 50 Jahre; Monika Glaser, 25 Jahre; Uschi Spengler und Ulrike H\u00e4s, &hellip; <a href=\"https:\/\/www.ekimeissenheim.de\/?p=7482\">Weiterlesen <span class=\"meta-nav\">&rarr;<\/span><\/a><\/p>\n","protected":false},"author":2,"featured_media":0,"comment_status":"open","ping_status":"open","sticky":false,"template":"","format":"standard","meta":{"ngg_post_thumbnail":0,"footnotes":""},"categories":[1],"tags":[],"class_list":["post-7482","post","type-post","status-publish","format-standard","hentry","category-allgemein"],"_links":{"self":[{"href":"https:\/\/www.ekimeissenheim.de\/index.php?rest_route=\/wp\/v2\/posts\/7482","targetHints":{"allow":["GET"]}}],"collection":[{"href":"https:\/\/www.ekimeissenheim.de\/index.php?rest_route=\/wp\/v2\/posts"}],"about":[{"href":"https:\/\/www.ekimeissenheim.de\/index.php?rest_route=\/wp\/v2\/types\/post"}],"author":[{"embeddable":true,"href":"https:\/\/www.ekimeissenheim.de\/index.php?rest_route=\/wp\/v2\/users\/2"}],"replies":[{"embeddable":true,"href":"https:\/\/www.ekimeissenheim.de\/index.php?rest_route=%2Fwp%2Fv2%2Fcomments&post=7482"}],"version-history":[{"count":1,"href":"https:\/\/www.ekimeissenheim.de\/index.php?rest_route=\/wp\/v2\/posts\/7482\/revisions"}],"predecessor-version":[{"id":7485,"href":"https:\/\/www.ekimeissenheim.de\/index.php?rest_route=\/wp\/v2\/posts\/7482\/revisions\/7485"}],"wp:attachment":[{"href":"https:\/\/www.ekimeissenheim.de\/index.php?rest_route=%2Fwp%2Fv2%2Fmedia&parent=7482"}],"wp:term":[{"taxonomy":"category","embeddable":true,"href":"https:\/\/www.ekimeissenheim.de\/index.php?rest_route=%2Fwp%2Fv2%2Fcategories&post=7482"},{"taxonomy":"post_tag","embeddable":true,"href":"https:\/\/www.ekimeissenheim.de\/index.php?rest_route=%2Fwp%2Fv2%2Ftags&post=7482"}],"curies":[{"name":"wp","href":"https:\/\/api.w.org\/{rel}","templated":true}]}}