{"id":7475,"date":"2022-10-14T08:28:12","date_gmt":"2022-10-14T06:28:12","guid":{"rendered":"http:\/\/www.ekimeissenheim.de\/?p=7475"},"modified":"2022-10-14T08:28:12","modified_gmt":"2022-10-14T06:28:12","slug":"abschiedskonzert-fuer-die-orgel","status":"publish","type":"post","link":"https:\/\/www.ekimeissenheim.de\/?p=7475","title":{"rendered":"Abschiedskonzert f\u00fcr die Orgel"},"content":{"rendered":"\n<p>Am Sonntag 11. September erklang die Mei\u00dfenheimer Orgel zum letzten Mal vor der Restaurierung mit allen Pfeifen. Kantorin Susanne Mo\u00dfmann, Kantor Frank Spengler, Saskia Spengler und Bezirkskantor Johannes Eppelein zogen alle Register, um die Orgel zur Klangf\u00fclle zu bringen. <br>Alle Fachleute sind sich aber darin einig, dass die Orgel nach der Restaurierung noch deutlich besser klingen wird.<br>Im Anschluss an das Konzert gab es einen Umtrunk bei der Kirche. B\u00fcrgermeister Alexander Schr\u00f6der und Ortsvorsteher Hugo Wingert kredenzten Orgelwein und wurden dabei unterst\u00fctzt von einer Abordnung der Landfrauen.<\/p>\n\n\n\n<figure class=\"wp-block-image size-full\"><a href=\"http:\/\/www.ekimeissenheim.de\/wp-content\/uploads\/Umtrunk-5.jpg\"><img loading=\"lazy\" decoding=\"async\" width=\"800\" height=\"533\" src=\"http:\/\/www.ekimeissenheim.de\/wp-content\/uploads\/Umtrunk-5.jpg\" alt=\"\" class=\"wp-image-7476\" srcset=\"https:\/\/www.ekimeissenheim.de\/wp-content\/uploads\/Umtrunk-5.jpg 800w, https:\/\/www.ekimeissenheim.de\/wp-content\/uploads\/Umtrunk-5-300x200.jpg 300w, https:\/\/www.ekimeissenheim.de\/wp-content\/uploads\/Umtrunk-5-768x512.jpg 768w\" sizes=\"auto, (max-width: 800px) 100vw, 800px\" \/><\/a><\/figure>\n\n\n\n<figure class=\"wp-block-image size-full\"><a href=\"http:\/\/www.ekimeissenheim.de\/wp-content\/uploads\/Landfrauen.jpg\"><img loading=\"lazy\" decoding=\"async\" width=\"800\" height=\"450\" src=\"http:\/\/www.ekimeissenheim.de\/wp-content\/uploads\/Landfrauen.jpg\" alt=\"\" class=\"wp-image-7477\" srcset=\"https:\/\/www.ekimeissenheim.de\/wp-content\/uploads\/Landfrauen.jpg 800w, https:\/\/www.ekimeissenheim.de\/wp-content\/uploads\/Landfrauen-300x169.jpg 300w, https:\/\/www.ekimeissenheim.de\/wp-content\/uploads\/Landfrauen-768x432.jpg 768w\" sizes=\"auto, (max-width: 800px) 100vw, 800px\" \/><\/a><\/figure>\n\n\n\n<figure class=\"wp-block-image size-full\"><a href=\"http:\/\/www.ekimeissenheim.de\/wp-content\/uploads\/Umtrunk-3-1.jpg\"><img loading=\"lazy\" decoding=\"async\" width=\"800\" height=\"533\" src=\"http:\/\/www.ekimeissenheim.de\/wp-content\/uploads\/Umtrunk-3-1.jpg\" alt=\"\" class=\"wp-image-7479\" srcset=\"https:\/\/www.ekimeissenheim.de\/wp-content\/uploads\/Umtrunk-3-1.jpg 800w, https:\/\/www.ekimeissenheim.de\/wp-content\/uploads\/Umtrunk-3-1-300x200.jpg 300w, https:\/\/www.ekimeissenheim.de\/wp-content\/uploads\/Umtrunk-3-1-768x512.jpg 768w\" sizes=\"auto, (max-width: 800px) 100vw, 800px\" \/><\/a><\/figure>\n","protected":false},"excerpt":{"rendered":"<p>Am Sonntag 11. September erklang die Mei\u00dfenheimer Orgel zum letzten Mal vor der Restaurierung mit allen Pfeifen. Kantorin Susanne Mo\u00dfmann, Kantor Frank Spengler, Saskia Spengler und Bezirkskantor Johannes Eppelein zogen alle Register, um die Orgel zur Klangf\u00fclle zu bringen. Alle &hellip; <a href=\"https:\/\/www.ekimeissenheim.de\/?p=7475\">Weiterlesen <span class=\"meta-nav\">&rarr;<\/span><\/a><\/p>\n","protected":false},"author":2,"featured_media":0,"comment_status":"open","ping_status":"open","sticky":false,"template":"","format":"standard","meta":{"ngg_post_thumbnail":0,"footnotes":""},"categories":[1],"tags":[],"class_list":["post-7475","post","type-post","status-publish","format-standard","hentry","category-allgemein"],"_links":{"self":[{"href":"https:\/\/www.ekimeissenheim.de\/index.php?rest_route=\/wp\/v2\/posts\/7475","targetHints":{"allow":["GET"]}}],"collection":[{"href":"https:\/\/www.ekimeissenheim.de\/index.php?rest_route=\/wp\/v2\/posts"}],"about":[{"href":"https:\/\/www.ekimeissenheim.de\/index.php?rest_route=\/wp\/v2\/types\/post"}],"author":[{"embeddable":true,"href":"https:\/\/www.ekimeissenheim.de\/index.php?rest_route=\/wp\/v2\/users\/2"}],"replies":[{"embeddable":true,"href":"https:\/\/www.ekimeissenheim.de\/index.php?rest_route=%2Fwp%2Fv2%2Fcomments&post=7475"}],"version-history":[{"count":1,"href":"https:\/\/www.ekimeissenheim.de\/index.php?rest_route=\/wp\/v2\/posts\/7475\/revisions"}],"predecessor-version":[{"id":7481,"href":"https:\/\/www.ekimeissenheim.de\/index.php?rest_route=\/wp\/v2\/posts\/7475\/revisions\/7481"}],"wp:attachment":[{"href":"https:\/\/www.ekimeissenheim.de\/index.php?rest_route=%2Fwp%2Fv2%2Fmedia&parent=7475"}],"wp:term":[{"taxonomy":"category","embeddable":true,"href":"https:\/\/www.ekimeissenheim.de\/index.php?rest_route=%2Fwp%2Fv2%2Fcategories&post=7475"},{"taxonomy":"post_tag","embeddable":true,"href":"https:\/\/www.ekimeissenheim.de\/index.php?rest_route=%2Fwp%2Fv2%2Ftags&post=7475"}],"curies":[{"name":"wp","href":"https:\/\/api.w.org\/{rel}","templated":true}]}}