{"id":7353,"date":"2022-06-30T15:35:47","date_gmt":"2022-06-30T13:35:47","guid":{"rendered":"http:\/\/www.ekimeissenheim.de\/?p=7353"},"modified":"2022-07-04T06:52:28","modified_gmt":"2022-07-04T04:52:28","slug":"sozialstation-grosser-personalwechsel","status":"publish","type":"post","link":"https:\/\/www.ekimeissenheim.de\/?p=7353","title":{"rendered":"Sozialstation &#8211; gro\u00dfer Personalwechsel"},"content":{"rendered":"\n<p>Im Gottesdienst am Samstag 25. Juni wurden verdiente Mitarbeiterinnen und Mitarbeiter verabschiedet. Frau Annedore Braun und Pfr. Erwin May aus der Vorstandschaft. Pfarrer May war am 1.1.1979 Grundungsmitglied der Sozialstation, Frau Braun war seit 3.10.1985 im Vorstand; verabschiedet wurden auch Frau Angelika Nierlin aus der Leitung des Demenzzentrums und Frau Anna-Maria Wilson als Gesamtpflegedienstleitung.<br>Erfreulich war, dass auch neue Mitarbeitende in ihren Dienst eingef\u00fchrt werden konnten. Frau Alexandra Wei\u00df als Leitung des Demenzzentrums, Frau Gabriele J\u00e4gle als Leitung der Tagespflege und Herr David Erb als Pflegedienstleitung.<br>Es war sch\u00f6n, dass viele Mitarbeitenden der Sozialstation anwesend waren und auch viele Patienten oder deren Angeh\u00f6rige.<\/p>\n\n\n\n<figure class=\"wp-block-image size-full\"><a href=\"http:\/\/www.ekimeissenheim.de\/wp-content\/uploads\/Sozialstation-Gottesdienst-2022-06-25-Gruppenbild.jpg\"><img loading=\"lazy\" decoding=\"async\" width=\"900\" height=\"599\" src=\"http:\/\/www.ekimeissenheim.de\/wp-content\/uploads\/Sozialstation-Gottesdienst-2022-06-25-Gruppenbild.jpg\" alt=\"\" class=\"wp-image-7354\" srcset=\"https:\/\/www.ekimeissenheim.de\/wp-content\/uploads\/Sozialstation-Gottesdienst-2022-06-25-Gruppenbild.jpg 900w, https:\/\/www.ekimeissenheim.de\/wp-content\/uploads\/Sozialstation-Gottesdienst-2022-06-25-Gruppenbild-300x200.jpg 300w, https:\/\/www.ekimeissenheim.de\/wp-content\/uploads\/Sozialstation-Gottesdienst-2022-06-25-Gruppenbild-768x511.jpg 768w\" sizes=\"auto, (max-width: 900px) 100vw, 900px\" \/><\/a><figcaption>von links nach rechts: Martina Deutscher, Gesch\u00e4ftsf\u00fchrung der Sozialstation, Pfr. Heinz Adler, Pfr. Erwin May, Frau Angelika Nierlin, Frau Anna-Maria Wilson, Frau Gabi J\u00e4gle, Frau Alexandra Wei\u00df, Herr David Erb, Frau Annedore Braun<\/figcaption><\/figure>\n","protected":false},"excerpt":{"rendered":"<p>Im Gottesdienst am Samstag 25. Juni wurden verdiente Mitarbeiterinnen und Mitarbeiter verabschiedet. Frau Annedore Braun und Pfr. Erwin May aus der Vorstandschaft. Pfarrer May war am 1.1.1979 Grundungsmitglied der Sozialstation, Frau Braun war seit 3.10.1985 im Vorstand; verabschiedet wurden auch &hellip; <a href=\"https:\/\/www.ekimeissenheim.de\/?p=7353\">Weiterlesen <span class=\"meta-nav\">&rarr;<\/span><\/a><\/p>\n","protected":false},"author":2,"featured_media":0,"comment_status":"open","ping_status":"open","sticky":false,"template":"","format":"standard","meta":{"ngg_post_thumbnail":0,"footnotes":""},"categories":[1],"tags":[],"class_list":["post-7353","post","type-post","status-publish","format-standard","hentry","category-allgemein"],"_links":{"self":[{"href":"https:\/\/www.ekimeissenheim.de\/index.php?rest_route=\/wp\/v2\/posts\/7353","targetHints":{"allow":["GET"]}}],"collection":[{"href":"https:\/\/www.ekimeissenheim.de\/index.php?rest_route=\/wp\/v2\/posts"}],"about":[{"href":"https:\/\/www.ekimeissenheim.de\/index.php?rest_route=\/wp\/v2\/types\/post"}],"author":[{"embeddable":true,"href":"https:\/\/www.ekimeissenheim.de\/index.php?rest_route=\/wp\/v2\/users\/2"}],"replies":[{"embeddable":true,"href":"https:\/\/www.ekimeissenheim.de\/index.php?rest_route=%2Fwp%2Fv2%2Fcomments&post=7353"}],"version-history":[{"count":2,"href":"https:\/\/www.ekimeissenheim.de\/index.php?rest_route=\/wp\/v2\/posts\/7353\/revisions"}],"predecessor-version":[{"id":7363,"href":"https:\/\/www.ekimeissenheim.de\/index.php?rest_route=\/wp\/v2\/posts\/7353\/revisions\/7363"}],"wp:attachment":[{"href":"https:\/\/www.ekimeissenheim.de\/index.php?rest_route=%2Fwp%2Fv2%2Fmedia&parent=7353"}],"wp:term":[{"taxonomy":"category","embeddable":true,"href":"https:\/\/www.ekimeissenheim.de\/index.php?rest_route=%2Fwp%2Fv2%2Fcategories&post=7353"},{"taxonomy":"post_tag","embeddable":true,"href":"https:\/\/www.ekimeissenheim.de\/index.php?rest_route=%2Fwp%2Fv2%2Ftags&post=7353"}],"curies":[{"name":"wp","href":"https:\/\/api.w.org\/{rel}","templated":true}]}}