{"id":7347,"date":"2022-06-30T15:21:19","date_gmt":"2022-06-30T13:21:19","guid":{"rendered":"http:\/\/www.ekimeissenheim.de\/?p=7347"},"modified":"2022-06-30T15:21:19","modified_gmt":"2022-06-30T13:21:19","slug":"ku-teamer-verabschiedet","status":"publish","type":"post","link":"https:\/\/www.ekimeissenheim.de\/?p=7347","title":{"rendered":"KU-Teamer verabschiedet"},"content":{"rendered":"\n<p>Nach drei Jahren im KU-Team m\u00fcssen wir leider viele Teamer verabschieden. Die schulischen Belastungen lassen die Mitarbeit im Team nicht mehr zu. Verabschiedet haben wir Julia Fischer, Leonie Lukesch, Laura Wendle, Selina Knab, Janosch B\u00fchler, Jan Schaufu\u00df und Ruben Heimburger.<br>Sch\u00f6n ist es aber, dass wir junge Teamer gefunden haben udn diese die gute Tradition mit dem Konfirmandenunterricht im Team mitfortsetzen. Bei einem Grillabend gaben die &#8222;Alten&#8220; den &#8222;Neuen&#8220; die n\u00f6tigen Tipps, wie die Mitarbeit geschehen kann.<br>Den Verabschiedeten w\u00fcnschen wir Gottes Segen und danken herzlich f\u00fcr ihr Engagement.<\/p>\n\n\n\n<figure class=\"wp-block-image size-full\"><a href=\"http:\/\/www.ekimeissenheim.de\/wp-content\/uploads\/KU-Team-Grillen-2022-06-13.jpg\"><img loading=\"lazy\" decoding=\"async\" width=\"900\" height=\"600\" src=\"http:\/\/www.ekimeissenheim.de\/wp-content\/uploads\/KU-Team-Grillen-2022-06-13.jpg\" alt=\"\" class=\"wp-image-7348\" srcset=\"https:\/\/www.ekimeissenheim.de\/wp-content\/uploads\/KU-Team-Grillen-2022-06-13.jpg 900w, https:\/\/www.ekimeissenheim.de\/wp-content\/uploads\/KU-Team-Grillen-2022-06-13-300x200.jpg 300w, https:\/\/www.ekimeissenheim.de\/wp-content\/uploads\/KU-Team-Grillen-2022-06-13-768x512.jpg 768w\" sizes=\"auto, (max-width: 900px) 100vw, 900px\" \/><\/a><\/figure>\n","protected":false},"excerpt":{"rendered":"<p>Nach drei Jahren im KU-Team m\u00fcssen wir leider viele Teamer verabschieden. Die schulischen Belastungen lassen die Mitarbeit im Team nicht mehr zu. Verabschiedet haben wir Julia Fischer, Leonie Lukesch, Laura Wendle, Selina Knab, Janosch B\u00fchler, Jan Schaufu\u00df und Ruben Heimburger.Sch\u00f6n &hellip; <a href=\"https:\/\/www.ekimeissenheim.de\/?p=7347\">Weiterlesen <span class=\"meta-nav\">&rarr;<\/span><\/a><\/p>\n","protected":false},"author":2,"featured_media":0,"comment_status":"open","ping_status":"open","sticky":false,"template":"","format":"standard","meta":{"ngg_post_thumbnail":0,"footnotes":""},"categories":[1],"tags":[],"class_list":["post-7347","post","type-post","status-publish","format-standard","hentry","category-allgemein"],"_links":{"self":[{"href":"https:\/\/www.ekimeissenheim.de\/index.php?rest_route=\/wp\/v2\/posts\/7347","targetHints":{"allow":["GET"]}}],"collection":[{"href":"https:\/\/www.ekimeissenheim.de\/index.php?rest_route=\/wp\/v2\/posts"}],"about":[{"href":"https:\/\/www.ekimeissenheim.de\/index.php?rest_route=\/wp\/v2\/types\/post"}],"author":[{"embeddable":true,"href":"https:\/\/www.ekimeissenheim.de\/index.php?rest_route=\/wp\/v2\/users\/2"}],"replies":[{"embeddable":true,"href":"https:\/\/www.ekimeissenheim.de\/index.php?rest_route=%2Fwp%2Fv2%2Fcomments&post=7347"}],"version-history":[{"count":1,"href":"https:\/\/www.ekimeissenheim.de\/index.php?rest_route=\/wp\/v2\/posts\/7347\/revisions"}],"predecessor-version":[{"id":7349,"href":"https:\/\/www.ekimeissenheim.de\/index.php?rest_route=\/wp\/v2\/posts\/7347\/revisions\/7349"}],"wp:attachment":[{"href":"https:\/\/www.ekimeissenheim.de\/index.php?rest_route=%2Fwp%2Fv2%2Fmedia&parent=7347"}],"wp:term":[{"taxonomy":"category","embeddable":true,"href":"https:\/\/www.ekimeissenheim.de\/index.php?rest_route=%2Fwp%2Fv2%2Fcategories&post=7347"},{"taxonomy":"post_tag","embeddable":true,"href":"https:\/\/www.ekimeissenheim.de\/index.php?rest_route=%2Fwp%2Fv2%2Ftags&post=7347"}],"curies":[{"name":"wp","href":"https:\/\/api.w.org\/{rel}","templated":true}]}}