{"id":7293,"date":"2022-05-29T09:37:10","date_gmt":"2022-05-29T07:37:10","guid":{"rendered":"http:\/\/www.ekimeissenheim.de\/?p=7293"},"modified":"2022-05-30T08:00:13","modified_gmt":"2022-05-30T06:00:13","slug":"jubelkonfirmation-in-meissenheim-2","status":"publish","type":"post","link":"https:\/\/www.ekimeissenheim.de\/?p=7293","title":{"rendered":"Jubelkonfirmation in Mei\u00dfenheim"},"content":{"rendered":"\n<p>Wie \u00fcblich wurde am 4. Sonntag nach Ostern die Jubelkonfirmation begangen. Die vor 50 Jahren konfirmierten haben sich dazu getroffen. Es waren nur Mei\u00dfenheimer Jubilare anwesend.<\/p>\n\n\n\n<figure class=\"wp-block-image size-full\"><a href=\"http:\/\/www.ekimeissenheim.de\/wp-content\/uploads\/Jubelkonfirmation-2022-Bild2.jpg\"><img loading=\"lazy\" decoding=\"async\" width=\"900\" height=\"575\" src=\"http:\/\/www.ekimeissenheim.de\/wp-content\/uploads\/Jubelkonfirmation-2022-Bild2.jpg\" alt=\"\" class=\"wp-image-7294\" srcset=\"https:\/\/www.ekimeissenheim.de\/wp-content\/uploads\/Jubelkonfirmation-2022-Bild2.jpg 900w, https:\/\/www.ekimeissenheim.de\/wp-content\/uploads\/Jubelkonfirmation-2022-Bild2-300x192.jpg 300w, https:\/\/www.ekimeissenheim.de\/wp-content\/uploads\/Jubelkonfirmation-2022-Bild2-768x491.jpg 768w\" sizes=\"auto, (max-width: 900px) 100vw, 900px\" \/><\/a><\/figure>\n\n\n\n<p>Mitgefeiert haben; von links nach rechts: <br>1. Reihe: Karin Spengler, geb. Metzger &#8211; Sonja Kunz &#8211; Rita Baumstark, geb. Lampert &#8211; J\u00fcrgen Ostermann &#8211; Jochen Biegert.<br>2. Reihe: Cornelia Lechleiter, geb. G\u00e4\u00dfler &#8211; Brigitte Rudolf, geb. B\u00fchler &#8211; Marion Wingert, geb. Huser &#8211; Ulrich Hoppen &#8211; Arno Kleis<br>3. Reihe: Martina Schreiner, geb. Dannat &#8211; Karlheinz Heim &#8211; Richard Klotz &#8211; Volker Heimburger<br>obere Reihe: Thomas K\u00f6lli &#8211; Hubert Weiser &#8211; Tom Wagner &#8211; Hansj\u00f6rg Rosewich<\/p>\n","protected":false},"excerpt":{"rendered":"<p>Wie \u00fcblich wurde am 4. Sonntag nach Ostern die Jubelkonfirmation begangen. Die vor 50 Jahren konfirmierten haben sich dazu getroffen. Es waren nur Mei\u00dfenheimer Jubilare anwesend. Mitgefeiert haben; von links nach rechts: 1. Reihe: Karin Spengler, geb. Metzger &#8211; Sonja &hellip; <a href=\"https:\/\/www.ekimeissenheim.de\/?p=7293\">Weiterlesen <span class=\"meta-nav\">&rarr;<\/span><\/a><\/p>\n","protected":false},"author":2,"featured_media":0,"comment_status":"open","ping_status":"open","sticky":false,"template":"","format":"standard","meta":{"ngg_post_thumbnail":0,"footnotes":""},"categories":[1],"tags":[],"class_list":["post-7293","post","type-post","status-publish","format-standard","hentry","category-allgemein"],"_links":{"self":[{"href":"https:\/\/www.ekimeissenheim.de\/index.php?rest_route=\/wp\/v2\/posts\/7293","targetHints":{"allow":["GET"]}}],"collection":[{"href":"https:\/\/www.ekimeissenheim.de\/index.php?rest_route=\/wp\/v2\/posts"}],"about":[{"href":"https:\/\/www.ekimeissenheim.de\/index.php?rest_route=\/wp\/v2\/types\/post"}],"author":[{"embeddable":true,"href":"https:\/\/www.ekimeissenheim.de\/index.php?rest_route=\/wp\/v2\/users\/2"}],"replies":[{"embeddable":true,"href":"https:\/\/www.ekimeissenheim.de\/index.php?rest_route=%2Fwp%2Fv2%2Fcomments&post=7293"}],"version-history":[{"count":2,"href":"https:\/\/www.ekimeissenheim.de\/index.php?rest_route=\/wp\/v2\/posts\/7293\/revisions"}],"predecessor-version":[{"id":7297,"href":"https:\/\/www.ekimeissenheim.de\/index.php?rest_route=\/wp\/v2\/posts\/7293\/revisions\/7297"}],"wp:attachment":[{"href":"https:\/\/www.ekimeissenheim.de\/index.php?rest_route=%2Fwp%2Fv2%2Fmedia&parent=7293"}],"wp:term":[{"taxonomy":"category","embeddable":true,"href":"https:\/\/www.ekimeissenheim.de\/index.php?rest_route=%2Fwp%2Fv2%2Fcategories&post=7293"},{"taxonomy":"post_tag","embeddable":true,"href":"https:\/\/www.ekimeissenheim.de\/index.php?rest_route=%2Fwp%2Fv2%2Ftags&post=7293"}],"curies":[{"name":"wp","href":"https:\/\/api.w.org\/{rel}","templated":true}]}}