{"id":7270,"date":"2022-05-14T09:36:13","date_gmt":"2022-05-14T07:36:13","guid":{"rendered":"http:\/\/www.ekimeissenheim.de\/?p=7270"},"modified":"2022-05-14T09:36:13","modified_gmt":"2022-05-14T07:36:13","slug":"meissenheimer-orgel-orgel-des-monats-mai-2022","status":"publish","type":"post","link":"https:\/\/www.ekimeissenheim.de\/?p=7270","title":{"rendered":"Mei\u00dfenheimer Orgel &#8211; Orgel des Monats Mai 2022"},"content":{"rendered":"\n<p><strong>Aktuelles zur Restaurierung der Silbermann-Orgel<\/strong><\/p>\n\n\n\n<p>Ende April haben wir den lange erwarteten Bescheid des Landesdenkmalamtes Baden-W\u00fcrttemberg erhalten. Mit einer Zuschussbetrag von 24.320 \u20ac ist dieser zwar etwas niedriger ausgefallen als erhofft. Gleichwohl sind wir wieder einen wichtigen Schritt nach vorne gekommen.<br>Die \u00f6ffentliche Aufmerksamkeit f\u00fcr unser Projekt ist bundesweit hoch. Dies haben wir erneut erfahren, da die Stiftung Orgelklang unsere Silbermann-Orgel zur<\/p>\n\n\n\n<p><strong>Orgel des Monats Mai 2022<\/strong><\/p>\n\n\n\n<p>ausgew\u00e4hlt hat. Sind Sie neugierig geworden? Dann schauen Sie mal rein bei <a href=\"http:\/\/www.stiftung-orgelklang.de\">www.stiftung-orgelklang.de<\/a> unter Aktuelles.<\/p>\n\n\n\n<p>Unsere Orgel ist dabei in der Geschichte der Stiftung erst die siebte Orgel aus Baden-W\u00fcrttemberg, die zur Orgel des Monats ausgew\u00e4hlt wurde. Und wir haben noch die Chance, im Jahr 2023 aus den Orgeln der Monate 2022 zur Orgel des Jahres ausgew\u00e4hlt zu werden.&nbsp;&nbsp;<\/p>\n\n\n\n<p>M\u00f6chten auch Sie ein Teil dieses herausragenden Projektes werden? Dann freuen wir uns \u00fcber Ihre Spende an: Evang. Kirchengemeinde Mei\u00dfenheim<\/p>\n\n\n\n<p>Stichwort: Silbermann-Orgel<br>Konto: DE51 6829 0000 0020 2039 27<br>Sparkasse Offenburg\/Ortenau:<br><strong>F\u00fcr Ihre Unterst\u00fctzung danken wir sehr herzlich.<\/strong><\/p>\n\n\n\n<p>Aktuelle Informationen zum Projekt finden Sie auf der homepage der Kirchengemeinde Mei\u00dfenheim unter http:\/\/www.ekimeissenheim.de\/Silbermannorgel<\/p>\n","protected":false},"excerpt":{"rendered":"<p>Aktuelles zur Restaurierung der Silbermann-Orgel Ende April haben wir den lange erwarteten Bescheid des Landesdenkmalamtes Baden-W\u00fcrttemberg erhalten. Mit einer Zuschussbetrag von 24.320 \u20ac ist dieser zwar etwas niedriger ausgefallen als erhofft. Gleichwohl sind wir wieder einen wichtigen Schritt nach vorne &hellip; <a href=\"https:\/\/www.ekimeissenheim.de\/?p=7270\">Weiterlesen <span class=\"meta-nav\">&rarr;<\/span><\/a><\/p>\n","protected":false},"author":2,"featured_media":0,"comment_status":"open","ping_status":"open","sticky":false,"template":"","format":"standard","meta":{"ngg_post_thumbnail":0,"footnotes":""},"categories":[1],"tags":[],"class_list":["post-7270","post","type-post","status-publish","format-standard","hentry","category-allgemein"],"_links":{"self":[{"href":"https:\/\/www.ekimeissenheim.de\/index.php?rest_route=\/wp\/v2\/posts\/7270","targetHints":{"allow":["GET"]}}],"collection":[{"href":"https:\/\/www.ekimeissenheim.de\/index.php?rest_route=\/wp\/v2\/posts"}],"about":[{"href":"https:\/\/www.ekimeissenheim.de\/index.php?rest_route=\/wp\/v2\/types\/post"}],"author":[{"embeddable":true,"href":"https:\/\/www.ekimeissenheim.de\/index.php?rest_route=\/wp\/v2\/users\/2"}],"replies":[{"embeddable":true,"href":"https:\/\/www.ekimeissenheim.de\/index.php?rest_route=%2Fwp%2Fv2%2Fcomments&post=7270"}],"version-history":[{"count":1,"href":"https:\/\/www.ekimeissenheim.de\/index.php?rest_route=\/wp\/v2\/posts\/7270\/revisions"}],"predecessor-version":[{"id":7271,"href":"https:\/\/www.ekimeissenheim.de\/index.php?rest_route=\/wp\/v2\/posts\/7270\/revisions\/7271"}],"wp:attachment":[{"href":"https:\/\/www.ekimeissenheim.de\/index.php?rest_route=%2Fwp%2Fv2%2Fmedia&parent=7270"}],"wp:term":[{"taxonomy":"category","embeddable":true,"href":"https:\/\/www.ekimeissenheim.de\/index.php?rest_route=%2Fwp%2Fv2%2Fcategories&post=7270"},{"taxonomy":"post_tag","embeddable":true,"href":"https:\/\/www.ekimeissenheim.de\/index.php?rest_route=%2Fwp%2Fv2%2Ftags&post=7270"}],"curies":[{"name":"wp","href":"https:\/\/api.w.org\/{rel}","templated":true}]}}