{"id":7236,"date":"2022-04-21T08:18:50","date_gmt":"2022-04-21T06:18:50","guid":{"rendered":"http:\/\/www.ekimeissenheim.de\/?p=7236"},"modified":"2022-04-21T08:18:50","modified_gmt":"2022-04-21T06:18:50","slug":"walter-erb-nach-65-jahren-orgeldienst-verabschiedet","status":"publish","type":"post","link":"https:\/\/www.ekimeissenheim.de\/?p=7236","title":{"rendered":"Walter Erb nach 65 Jahren Orgeldienst verabschiedet"},"content":{"rendered":"\n<p>Am Ostermontag wurde Walter Erb aus dem Orgeldienst verabschiedet. 65 Jahre versah er den Orgeldienst vor allem in der K\u00fcrzeller Kirche, aber auch in Schutterzell war er regelm\u00e4\u00dfig an der Orgel. Bei wie vielen Gottesdiensten, Trauungen, Taufen und Beerdigungen er die Orgel gespielt hat, konnte gar nicht mehr errechnet werden. Oft ist er auch in anderen Gemeinden eingesprungen, von Altenheim bis Mahlberg.<br>Die Kirchengemeinde K\u00fcrzell bedankte sich im Gottesdienst bei Walter Erb f\u00fcr seinen treuen Dienst \u00fcber so viele Jahre. Auch der Landesverband der Kirchenmusiker danke ihm mit einer Urkunde und auch die politische Gemeinde schloss sich dem Dank an. Ortsvorsteher Hugo Wingert hielt eine Laudatio und B\u00fcrgermeister Alexander Schr\u00f6der \u00fcberreichte ein Geschenk von der Gemeinde.<br>Die Gemeinde verliert mit dem Abschied von Walter Erb einen versierten Organisten, der eine L\u00fccke hinterlassen wird.<\/p>\n\n\n\n<figure class=\"wp-block-image size-full\"><a href=\"http:\/\/www.ekimeissenheim.de\/wp-content\/uploads\/IMG_3269.jpg\"><img loading=\"lazy\" decoding=\"async\" width=\"900\" height=\"600\" src=\"http:\/\/www.ekimeissenheim.de\/wp-content\/uploads\/IMG_3269.jpg\" alt=\"\" class=\"wp-image-7237\" srcset=\"https:\/\/www.ekimeissenheim.de\/wp-content\/uploads\/IMG_3269.jpg 900w, https:\/\/www.ekimeissenheim.de\/wp-content\/uploads\/IMG_3269-300x200.jpg 300w, https:\/\/www.ekimeissenheim.de\/wp-content\/uploads\/IMG_3269-768x512.jpg 768w\" sizes=\"auto, (max-width: 900px) 100vw, 900px\" \/><\/a><figcaption>Pfarrer Adler dankt Walter Erb<\/figcaption><\/figure>\n\n\n\n<figure class=\"wp-block-image size-full\"><a href=\"http:\/\/www.ekimeissenheim.de\/wp-content\/uploads\/IMG_3276.jpg\"><img loading=\"lazy\" decoding=\"async\" width=\"900\" height=\"600\" src=\"http:\/\/www.ekimeissenheim.de\/wp-content\/uploads\/IMG_3276.jpg\" alt=\"\" class=\"wp-image-7238\" srcset=\"https:\/\/www.ekimeissenheim.de\/wp-content\/uploads\/IMG_3276.jpg 900w, https:\/\/www.ekimeissenheim.de\/wp-content\/uploads\/IMG_3276-300x200.jpg 300w, https:\/\/www.ekimeissenheim.de\/wp-content\/uploads\/IMG_3276-768x512.jpg 768w\" sizes=\"auto, (max-width: 900px) 100vw, 900px\" \/><\/a><figcaption>Kantor Frank Spengler, Pfr. Adler, Ida Erb, Walter Erb, B\u00fcrgermeister Alexander Schr\u00f6der, Ortsvorsteher Hugo Wingert.<\/figcaption><\/figure>\n","protected":false},"excerpt":{"rendered":"<p>Am Ostermontag wurde Walter Erb aus dem Orgeldienst verabschiedet. 65 Jahre versah er den Orgeldienst vor allem in der K\u00fcrzeller Kirche, aber auch in Schutterzell war er regelm\u00e4\u00dfig an der Orgel. Bei wie vielen Gottesdiensten, Trauungen, Taufen und Beerdigungen er &hellip; <a href=\"https:\/\/www.ekimeissenheim.de\/?p=7236\">Weiterlesen <span class=\"meta-nav\">&rarr;<\/span><\/a><\/p>\n","protected":false},"author":2,"featured_media":0,"comment_status":"open","ping_status":"open","sticky":false,"template":"","format":"standard","meta":{"ngg_post_thumbnail":0,"footnotes":""},"categories":[1],"tags":[],"class_list":["post-7236","post","type-post","status-publish","format-standard","hentry","category-allgemein"],"_links":{"self":[{"href":"https:\/\/www.ekimeissenheim.de\/index.php?rest_route=\/wp\/v2\/posts\/7236","targetHints":{"allow":["GET"]}}],"collection":[{"href":"https:\/\/www.ekimeissenheim.de\/index.php?rest_route=\/wp\/v2\/posts"}],"about":[{"href":"https:\/\/www.ekimeissenheim.de\/index.php?rest_route=\/wp\/v2\/types\/post"}],"author":[{"embeddable":true,"href":"https:\/\/www.ekimeissenheim.de\/index.php?rest_route=\/wp\/v2\/users\/2"}],"replies":[{"embeddable":true,"href":"https:\/\/www.ekimeissenheim.de\/index.php?rest_route=%2Fwp%2Fv2%2Fcomments&post=7236"}],"version-history":[{"count":1,"href":"https:\/\/www.ekimeissenheim.de\/index.php?rest_route=\/wp\/v2\/posts\/7236\/revisions"}],"predecessor-version":[{"id":7239,"href":"https:\/\/www.ekimeissenheim.de\/index.php?rest_route=\/wp\/v2\/posts\/7236\/revisions\/7239"}],"wp:attachment":[{"href":"https:\/\/www.ekimeissenheim.de\/index.php?rest_route=%2Fwp%2Fv2%2Fmedia&parent=7236"}],"wp:term":[{"taxonomy":"category","embeddable":true,"href":"https:\/\/www.ekimeissenheim.de\/index.php?rest_route=%2Fwp%2Fv2%2Fcategories&post=7236"},{"taxonomy":"post_tag","embeddable":true,"href":"https:\/\/www.ekimeissenheim.de\/index.php?rest_route=%2Fwp%2Fv2%2Ftags&post=7236"}],"curies":[{"name":"wp","href":"https:\/\/api.w.org\/{rel}","templated":true}]}}