{"id":7062,"date":"2021-12-09T17:12:35","date_gmt":"2021-12-09T15:12:35","guid":{"rendered":"http:\/\/www.ekimeissenheim.de\/?p=7062"},"modified":"2021-12-09T17:14:13","modified_gmt":"2021-12-09T15:14:13","slug":"kuerzeller-konfirmanden-und-kirchengemeinderaete-sammeln-fuer-bethel","status":"publish","type":"post","link":"https:\/\/www.ekimeissenheim.de\/?p=7062","title":{"rendered":"K\u00fcrzeller Konfirmanden und Kirchengemeinder\u00e4te sammeln f\u00fcr Bethel"},"content":{"rendered":"\n<p>Alle zwei Jahre macht die Kirchengemeinde K\u00fcrzell eine Bethelsammlung und meistens helfen auch die Konfirmandinnen und Konfirmanden beim Einsammeln der Kleiders\u00e4cke. So war es auch dieses Jahr am Samstag, 4.12. &#8211; und dieses Jahr hatten die K\u00fcrzeller auch Unterst\u00fctzung durch drei Mei\u00dfenheimer Konfirmanden. Zwei gro\u00dfe Wagenladungen konnten gesammelt werden. Wir danken der Bev\u00f6lkerung f\u00fcr die Mithilfe. Und nat\u00fcrlich gab es am Ende ein Vesper.<\/p>\n\n\n\n<figure class=\"wp-block-image size-large is-resized is-style-default\"><a href=\"http:\/\/www.ekimeissenheim.de\/wp-content\/uploads\/DSCN0139-1-scaled.jpg\"><img loading=\"lazy\" decoding=\"async\" src=\"http:\/\/www.ekimeissenheim.de\/wp-content\/uploads\/DSCN0139-1-1024x768.jpg\" alt=\"\" class=\"wp-image-7065\" width=\"512\" height=\"384\" srcset=\"https:\/\/www.ekimeissenheim.de\/wp-content\/uploads\/DSCN0139-1-1024x768.jpg 1024w, https:\/\/www.ekimeissenheim.de\/wp-content\/uploads\/DSCN0139-1-300x225.jpg 300w, https:\/\/www.ekimeissenheim.de\/wp-content\/uploads\/DSCN0139-1-768x576.jpg 768w, https:\/\/www.ekimeissenheim.de\/wp-content\/uploads\/DSCN0139-1-1536x1152.jpg 1536w, https:\/\/www.ekimeissenheim.de\/wp-content\/uploads\/DSCN0139-1-2048x1536.jpg 2048w\" sizes=\"auto, (max-width: 512px) 100vw, 512px\" \/><\/a><\/figure>\n\n\n\n<figure class=\"wp-block-image size-large is-resized is-style-default\"><a href=\"http:\/\/www.ekimeissenheim.de\/wp-content\/uploads\/DSCN0143-scaled.jpg\"><img loading=\"lazy\" decoding=\"async\" src=\"http:\/\/www.ekimeissenheim.de\/wp-content\/uploads\/DSCN0143-1024x768.jpg\" alt=\"\" class=\"wp-image-7066\" width=\"512\" height=\"384\" srcset=\"https:\/\/www.ekimeissenheim.de\/wp-content\/uploads\/DSCN0143-1024x768.jpg 1024w, https:\/\/www.ekimeissenheim.de\/wp-content\/uploads\/DSCN0143-300x225.jpg 300w, https:\/\/www.ekimeissenheim.de\/wp-content\/uploads\/DSCN0143-768x576.jpg 768w, https:\/\/www.ekimeissenheim.de\/wp-content\/uploads\/DSCN0143-1536x1152.jpg 1536w, https:\/\/www.ekimeissenheim.de\/wp-content\/uploads\/DSCN0143-2048x1536.jpg 2048w\" sizes=\"auto, (max-width: 512px) 100vw, 512px\" \/><\/a><\/figure>\n\n\n\n<figure class=\"wp-block-image size-large is-resized is-style-default\"><a href=\"http:\/\/www.ekimeissenheim.de\/wp-content\/uploads\/DSCN0144-scaled.jpg\"><img loading=\"lazy\" decoding=\"async\" src=\"http:\/\/www.ekimeissenheim.de\/wp-content\/uploads\/DSCN0144-1024x768.jpg\" alt=\"\" class=\"wp-image-7067\" width=\"512\" height=\"384\" srcset=\"https:\/\/www.ekimeissenheim.de\/wp-content\/uploads\/DSCN0144-1024x768.jpg 1024w, https:\/\/www.ekimeissenheim.de\/wp-content\/uploads\/DSCN0144-300x225.jpg 300w, https:\/\/www.ekimeissenheim.de\/wp-content\/uploads\/DSCN0144-768x576.jpg 768w, https:\/\/www.ekimeissenheim.de\/wp-content\/uploads\/DSCN0144-1536x1152.jpg 1536w, https:\/\/www.ekimeissenheim.de\/wp-content\/uploads\/DSCN0144-2048x1536.jpg 2048w\" sizes=\"auto, (max-width: 512px) 100vw, 512px\" \/><\/a><\/figure>\n","protected":false},"excerpt":{"rendered":"<p>Alle zwei Jahre macht die Kirchengemeinde K\u00fcrzell eine Bethelsammlung und meistens helfen auch die Konfirmandinnen und Konfirmanden beim Einsammeln der Kleiders\u00e4cke. So war es auch dieses Jahr am Samstag, 4.12. &#8211; und dieses Jahr hatten die K\u00fcrzeller auch Unterst\u00fctzung durch &hellip; <a href=\"https:\/\/www.ekimeissenheim.de\/?p=7062\">Weiterlesen <span class=\"meta-nav\">&rarr;<\/span><\/a><\/p>\n","protected":false},"author":2,"featured_media":0,"comment_status":"open","ping_status":"open","sticky":false,"template":"","format":"standard","meta":{"ngg_post_thumbnail":0,"footnotes":""},"categories":[1],"tags":[],"class_list":["post-7062","post","type-post","status-publish","format-standard","hentry","category-allgemein"],"_links":{"self":[{"href":"https:\/\/www.ekimeissenheim.de\/index.php?rest_route=\/wp\/v2\/posts\/7062","targetHints":{"allow":["GET"]}}],"collection":[{"href":"https:\/\/www.ekimeissenheim.de\/index.php?rest_route=\/wp\/v2\/posts"}],"about":[{"href":"https:\/\/www.ekimeissenheim.de\/index.php?rest_route=\/wp\/v2\/types\/post"}],"author":[{"embeddable":true,"href":"https:\/\/www.ekimeissenheim.de\/index.php?rest_route=\/wp\/v2\/users\/2"}],"replies":[{"embeddable":true,"href":"https:\/\/www.ekimeissenheim.de\/index.php?rest_route=%2Fwp%2Fv2%2Fcomments&post=7062"}],"version-history":[{"count":2,"href":"https:\/\/www.ekimeissenheim.de\/index.php?rest_route=\/wp\/v2\/posts\/7062\/revisions"}],"predecessor-version":[{"id":7069,"href":"https:\/\/www.ekimeissenheim.de\/index.php?rest_route=\/wp\/v2\/posts\/7062\/revisions\/7069"}],"wp:attachment":[{"href":"https:\/\/www.ekimeissenheim.de\/index.php?rest_route=%2Fwp%2Fv2%2Fmedia&parent=7062"}],"wp:term":[{"taxonomy":"category","embeddable":true,"href":"https:\/\/www.ekimeissenheim.de\/index.php?rest_route=%2Fwp%2Fv2%2Fcategories&post=7062"},{"taxonomy":"post_tag","embeddable":true,"href":"https:\/\/www.ekimeissenheim.de\/index.php?rest_route=%2Fwp%2Fv2%2Ftags&post=7062"}],"curies":[{"name":"wp","href":"https:\/\/api.w.org\/{rel}","templated":true}]}}