{"id":6925,"date":"2021-10-04T12:05:18","date_gmt":"2021-10-04T10:05:18","guid":{"rendered":"http:\/\/www.ekimeissenheim.de\/?p=6925"},"modified":"2021-10-04T17:36:25","modified_gmt":"2021-10-04T15:36:25","slug":"jubelkonfirmanden-feiern-in-meissenheim","status":"publish","type":"post","link":"https:\/\/www.ekimeissenheim.de\/?p=6925","title":{"rendered":"Jubelkonfirmanden feiern in Mei\u00dfenheim"},"content":{"rendered":"\n<p>Am Sonntag, 3. Oktober, an Erntedank, begingen die Konfirmanden des Jahrgangs 1971 ihre Goldene Konfirmation.<\/p>\n\n\n\n<figure class=\"wp-block-image size-full is-resized is-style-default\"><a href=\"http:\/\/www.ekimeissenheim.de\/wp-content\/uploads\/Jubelkonfirmation-2021-10-03.jpg\"><img loading=\"lazy\" decoding=\"async\" src=\"http:\/\/www.ekimeissenheim.de\/wp-content\/uploads\/Jubelkonfirmation-2021-10-03.jpg\" alt=\"\" class=\"wp-image-6926\" width=\"400\" height=\"267\" srcset=\"https:\/\/www.ekimeissenheim.de\/wp-content\/uploads\/Jubelkonfirmation-2021-10-03.jpg 800w, https:\/\/www.ekimeissenheim.de\/wp-content\/uploads\/Jubelkonfirmation-2021-10-03-300x200.jpg 300w, https:\/\/www.ekimeissenheim.de\/wp-content\/uploads\/Jubelkonfirmation-2021-10-03-768x512.jpg 768w\" sizes=\"auto, (max-width: 400px) 100vw, 400px\" \/><\/a><\/figure>\n\n\n\n<p>Mitgefeiert haben: <br>untere Reihe: Friederike Schalk geb. Wingert &#8211; Karin Bauer geb. M\u00fcller &#8211; Kurt W\u00e4ldin &#8211; Hannelore Bohnert<br>mittlere Reihe: G\u00fcnther J\u00e4ger &#8211; Wilfried Biegert &#8211; Inge Siefert geb. Wei\u00df- Erich Ammel &#8211; Volker Kern<br>hintere Reihe: Friedhelm Huser &#8211; Reinhard Huser &#8211; Markus Hartwich &#8211; Peter Fiedler &#8211; J\u00fcrgen Metzger &#8211; Klaus Schiff<\/p>\n\n\n\n<p><\/p>\n","protected":false},"excerpt":{"rendered":"<p>Am Sonntag, 3. Oktober, an Erntedank, begingen die Konfirmanden des Jahrgangs 1971 ihre Goldene Konfirmation. Mitgefeiert haben: untere Reihe: Friederike Schalk geb. Wingert &#8211; Karin Bauer geb. M\u00fcller &#8211; Kurt W\u00e4ldin &#8211; Hannelore Bohnertmittlere Reihe: G\u00fcnther J\u00e4ger &#8211; Wilfried Biegert &hellip; <a href=\"https:\/\/www.ekimeissenheim.de\/?p=6925\">Weiterlesen <span class=\"meta-nav\">&rarr;<\/span><\/a><\/p>\n","protected":false},"author":2,"featured_media":0,"comment_status":"open","ping_status":"open","sticky":false,"template":"","format":"standard","meta":{"ngg_post_thumbnail":0,"footnotes":""},"categories":[1],"tags":[],"class_list":["post-6925","post","type-post","status-publish","format-standard","hentry","category-allgemein"],"_links":{"self":[{"href":"https:\/\/www.ekimeissenheim.de\/index.php?rest_route=\/wp\/v2\/posts\/6925","targetHints":{"allow":["GET"]}}],"collection":[{"href":"https:\/\/www.ekimeissenheim.de\/index.php?rest_route=\/wp\/v2\/posts"}],"about":[{"href":"https:\/\/www.ekimeissenheim.de\/index.php?rest_route=\/wp\/v2\/types\/post"}],"author":[{"embeddable":true,"href":"https:\/\/www.ekimeissenheim.de\/index.php?rest_route=\/wp\/v2\/users\/2"}],"replies":[{"embeddable":true,"href":"https:\/\/www.ekimeissenheim.de\/index.php?rest_route=%2Fwp%2Fv2%2Fcomments&post=6925"}],"version-history":[{"count":4,"href":"https:\/\/www.ekimeissenheim.de\/index.php?rest_route=\/wp\/v2\/posts\/6925\/revisions"}],"predecessor-version":[{"id":6932,"href":"https:\/\/www.ekimeissenheim.de\/index.php?rest_route=\/wp\/v2\/posts\/6925\/revisions\/6932"}],"wp:attachment":[{"href":"https:\/\/www.ekimeissenheim.de\/index.php?rest_route=%2Fwp%2Fv2%2Fmedia&parent=6925"}],"wp:term":[{"taxonomy":"category","embeddable":true,"href":"https:\/\/www.ekimeissenheim.de\/index.php?rest_route=%2Fwp%2Fv2%2Fcategories&post=6925"},{"taxonomy":"post_tag","embeddable":true,"href":"https:\/\/www.ekimeissenheim.de\/index.php?rest_route=%2Fwp%2Fv2%2Ftags&post=6925"}],"curies":[{"name":"wp","href":"https:\/\/api.w.org\/{rel}","templated":true}]}}