{"id":6921,"date":"2021-10-04T11:57:37","date_gmt":"2021-10-04T09:57:37","guid":{"rendered":"http:\/\/www.ekimeissenheim.de\/?p=6921"},"modified":"2021-10-04T17:31:54","modified_gmt":"2021-10-04T15:31:54","slug":"kirchenchor-ehrt-verdiente-saengerinnen-und-saenger","status":"publish","type":"post","link":"https:\/\/www.ekimeissenheim.de\/?p=6921","title":{"rendered":"Kirchenchor ehrt verdiente S\u00e4ngerinnen und S\u00e4nger"},"content":{"rendered":"\n<p>Immer an Erntedank ehrt der Kirchenchor seine langj\u00e4hrigen S\u00e4ngerinnen und S\u00e4nger.<\/p>\n\n\n\n<figure class=\"wp-block-image size-full is-resized is-style-default\"><a href=\"http:\/\/www.ekimeissenheim.de\/wp-content\/uploads\/Kirchechor-Ehrung-2021-10-03.jpg\"><img loading=\"lazy\" decoding=\"async\" src=\"http:\/\/www.ekimeissenheim.de\/wp-content\/uploads\/Kirchechor-Ehrung-2021-10-03.jpg\" alt=\"\" class=\"wp-image-6922\" width=\"450\" height=\"300\" srcset=\"https:\/\/www.ekimeissenheim.de\/wp-content\/uploads\/Kirchechor-Ehrung-2021-10-03.jpg 900w, https:\/\/www.ekimeissenheim.de\/wp-content\/uploads\/Kirchechor-Ehrung-2021-10-03-300x200.jpg 300w, https:\/\/www.ekimeissenheim.de\/wp-content\/uploads\/Kirchechor-Ehrung-2021-10-03-768x512.jpg 768w\" sizes=\"auto, (max-width: 450px) 100vw, 450px\" \/><\/a><\/figure>\n\n\n\n<p>Geehrt wurden Silvia Gsell-Reith f\u00fcr 15 Jahre, Carmen Kern f\u00fcr 10 Jahre, Hannelore Rinkel f\u00fcr 40 Jahre, Thomas Sensenbrenner f\u00fcr 30 Jahre, Friedhelm Huser f\u00fcr 30 Jahre, Gerhard Kern f\u00fcr 70 Jahre, Gerhard Schlenker f\u00fcr 70 Jahre aktives Singen im Kirchenchor. Die Laudatio hielt Herta Hannemann, Obfrau des Kirchenchores. Auf dem Bild ist auch Kantorin Susanne Mo\u00dfman und Pfarrer Heinz Adler zu sehen.<\/p>\n","protected":false},"excerpt":{"rendered":"<p>Immer an Erntedank ehrt der Kirchenchor seine langj\u00e4hrigen S\u00e4ngerinnen und S\u00e4nger. Geehrt wurden Silvia Gsell-Reith f\u00fcr 15 Jahre, Carmen Kern f\u00fcr 10 Jahre, Hannelore Rinkel f\u00fcr 40 Jahre, Thomas Sensenbrenner f\u00fcr 30 Jahre, Friedhelm Huser f\u00fcr 30 Jahre, Gerhard Kern &hellip; <a href=\"https:\/\/www.ekimeissenheim.de\/?p=6921\">Weiterlesen <span class=\"meta-nav\">&rarr;<\/span><\/a><\/p>\n","protected":false},"author":2,"featured_media":0,"comment_status":"open","ping_status":"open","sticky":false,"template":"","format":"standard","meta":{"ngg_post_thumbnail":0,"footnotes":""},"categories":[1],"tags":[],"class_list":["post-6921","post","type-post","status-publish","format-standard","hentry","category-allgemein"],"_links":{"self":[{"href":"https:\/\/www.ekimeissenheim.de\/index.php?rest_route=\/wp\/v2\/posts\/6921","targetHints":{"allow":["GET"]}}],"collection":[{"href":"https:\/\/www.ekimeissenheim.de\/index.php?rest_route=\/wp\/v2\/posts"}],"about":[{"href":"https:\/\/www.ekimeissenheim.de\/index.php?rest_route=\/wp\/v2\/types\/post"}],"author":[{"embeddable":true,"href":"https:\/\/www.ekimeissenheim.de\/index.php?rest_route=\/wp\/v2\/users\/2"}],"replies":[{"embeddable":true,"href":"https:\/\/www.ekimeissenheim.de\/index.php?rest_route=%2Fwp%2Fv2%2Fcomments&post=6921"}],"version-history":[{"count":4,"href":"https:\/\/www.ekimeissenheim.de\/index.php?rest_route=\/wp\/v2\/posts\/6921\/revisions"}],"predecessor-version":[{"id":6930,"href":"https:\/\/www.ekimeissenheim.de\/index.php?rest_route=\/wp\/v2\/posts\/6921\/revisions\/6930"}],"wp:attachment":[{"href":"https:\/\/www.ekimeissenheim.de\/index.php?rest_route=%2Fwp%2Fv2%2Fmedia&parent=6921"}],"wp:term":[{"taxonomy":"category","embeddable":true,"href":"https:\/\/www.ekimeissenheim.de\/index.php?rest_route=%2Fwp%2Fv2%2Fcategories&post=6921"},{"taxonomy":"post_tag","embeddable":true,"href":"https:\/\/www.ekimeissenheim.de\/index.php?rest_route=%2Fwp%2Fv2%2Ftags&post=6921"}],"curies":[{"name":"wp","href":"https:\/\/api.w.org\/{rel}","templated":true}]}}