{"id":6845,"date":"2021-08-03T09:16:57","date_gmt":"2021-08-03T07:16:57","guid":{"rendered":"http:\/\/www.ekimeissenheim.de\/?p=6845"},"modified":"2021-08-03T09:20:42","modified_gmt":"2021-08-03T07:20:42","slug":"konfirmationen-in-kuerzell-und-meissenheim-finden-verspaetet-statt","status":"publish","type":"post","link":"https:\/\/www.ekimeissenheim.de\/?p=6845","title":{"rendered":"Konfirmationen in K\u00fcrzell und Mei\u00dfenheim finden versp\u00e4tet statt"},"content":{"rendered":"\n<p>Durch Corona verursacht mussten die Konfirmationstermine mehrmals verschoben werden. Aber dann war es doch m\u00f6glich, die Konfirmation in K\u00fcrzell am 27. Juni zu feiern. Die Konfirmation in Mei\u00dfenheim fand dann am 25. Juli statt.<\/p>\n\n\n\n<div class=\"wp-block-image is-style-default\"><figure class=\"aligncenter size-full is-resized\"><a href=\"http:\/\/www.ekimeissenheim.de\/wp-content\/uploads\/Konfirmation-2021-Kuerzell.jpg\"><img loading=\"lazy\" decoding=\"async\" src=\"http:\/\/www.ekimeissenheim.de\/wp-content\/uploads\/Konfirmation-2021-Kuerzell.jpg\" alt=\"\" class=\"wp-image-6846\" width=\"500\" height=\"334\" srcset=\"https:\/\/www.ekimeissenheim.de\/wp-content\/uploads\/Konfirmation-2021-Kuerzell.jpg 1000w, https:\/\/www.ekimeissenheim.de\/wp-content\/uploads\/Konfirmation-2021-Kuerzell-300x200.jpg 300w, https:\/\/www.ekimeissenheim.de\/wp-content\/uploads\/Konfirmation-2021-Kuerzell-768x512.jpg 768w\" sizes=\"auto, (max-width: 500px) 100vw, 500px\" \/><\/a><figcaption>K\u00fcrzeller Konfirmandinnen und Konfirmanden<\/figcaption><\/figure><\/div>\n\n\n\n<div class=\"wp-block-image is-style-default\"><figure class=\"aligncenter size-full is-resized\"><a href=\"http:\/\/www.ekimeissenheim.de\/wp-content\/uploads\/KO-Mhm.jpg\"><img loading=\"lazy\" decoding=\"async\" src=\"http:\/\/www.ekimeissenheim.de\/wp-content\/uploads\/KO-Mhm.jpg\" alt=\"\" class=\"wp-image-6847\" width=\"500\" height=\"335\" srcset=\"https:\/\/www.ekimeissenheim.de\/wp-content\/uploads\/KO-Mhm.jpg 1000w, https:\/\/www.ekimeissenheim.de\/wp-content\/uploads\/KO-Mhm-300x201.jpg 300w, https:\/\/www.ekimeissenheim.de\/wp-content\/uploads\/KO-Mhm-768x514.jpg 768w\" sizes=\"auto, (max-width: 500px) 100vw, 500px\" \/><\/a><figcaption>Mei\u00dfenheimer Konfirmandinnen und Konfirmanden<\/figcaption><\/figure><\/div>\n","protected":false},"excerpt":{"rendered":"<p>Durch Corona verursacht mussten die Konfirmationstermine mehrmals verschoben werden. Aber dann war es doch m\u00f6glich, die Konfirmation in K\u00fcrzell am 27. Juni zu feiern. Die Konfirmation in Mei\u00dfenheim fand dann am 25. Juli statt.<\/p>\n","protected":false},"author":2,"featured_media":0,"comment_status":"open","ping_status":"open","sticky":false,"template":"","format":"standard","meta":{"ngg_post_thumbnail":0,"footnotes":""},"categories":[1],"tags":[],"class_list":["post-6845","post","type-post","status-publish","format-standard","hentry","category-allgemein"],"_links":{"self":[{"href":"https:\/\/www.ekimeissenheim.de\/index.php?rest_route=\/wp\/v2\/posts\/6845","targetHints":{"allow":["GET"]}}],"collection":[{"href":"https:\/\/www.ekimeissenheim.de\/index.php?rest_route=\/wp\/v2\/posts"}],"about":[{"href":"https:\/\/www.ekimeissenheim.de\/index.php?rest_route=\/wp\/v2\/types\/post"}],"author":[{"embeddable":true,"href":"https:\/\/www.ekimeissenheim.de\/index.php?rest_route=\/wp\/v2\/users\/2"}],"replies":[{"embeddable":true,"href":"https:\/\/www.ekimeissenheim.de\/index.php?rest_route=%2Fwp%2Fv2%2Fcomments&post=6845"}],"version-history":[{"count":5,"href":"https:\/\/www.ekimeissenheim.de\/index.php?rest_route=\/wp\/v2\/posts\/6845\/revisions"}],"predecessor-version":[{"id":6853,"href":"https:\/\/www.ekimeissenheim.de\/index.php?rest_route=\/wp\/v2\/posts\/6845\/revisions\/6853"}],"wp:attachment":[{"href":"https:\/\/www.ekimeissenheim.de\/index.php?rest_route=%2Fwp%2Fv2%2Fmedia&parent=6845"}],"wp:term":[{"taxonomy":"category","embeddable":true,"href":"https:\/\/www.ekimeissenheim.de\/index.php?rest_route=%2Fwp%2Fv2%2Fcategories&post=6845"},{"taxonomy":"post_tag","embeddable":true,"href":"https:\/\/www.ekimeissenheim.de\/index.php?rest_route=%2Fwp%2Fv2%2Ftags&post=6845"}],"curies":[{"name":"wp","href":"https:\/\/api.w.org\/{rel}","templated":true}]}}