{"id":6669,"date":"2021-04-19T09:54:31","date_gmt":"2021-04-19T07:54:31","guid":{"rendered":"http:\/\/www.ekimeissenheim.de\/?p=6669"},"modified":"2021-04-19T10:03:16","modified_gmt":"2021-04-19T08:03:16","slug":"konfirmanden-projekt-mutmachsprueche","status":"publish","type":"post","link":"https:\/\/www.ekimeissenheim.de\/?p=6669","title":{"rendered":"Konfirmanden-Projekt &#8211; Mutmachspr\u00fcche"},"content":{"rendered":"\n<p>In den Osterferien trafen sich die Konfirmandinnen und Konfirmanden &#8211; auf Abstand. Zuerst w\u00e4hlten die Konfirmanden sich einen biblischen Mut-Mach-Spruch und \u00fcberlegten sich f\u00fcr diesen Spruch eine Gestaltungsform. Das Medium waren Holzbretter, auf diesen sollte der Spruch geschrieben und gemalt werden.<\/p>\n\n\n\n<p>Die handwerkliche Umsetzung fand dann im Pfarrgarten statt, so dass wir gen\u00fcgend Abstand zueinander einhalten konnten. Diese Mut-Mach-Spr\u00fcchen wollten die Konfirmandinnen und Konfirmanden auch den Gottesdienstteilnehmenden zusprechen, deshalb waren sie vor den Kirchen aufgestellt.<\/p>\n\n\n\nngg_shortcode_0_placeholder\n","protected":false},"excerpt":{"rendered":"<p>In den Osterferien trafen sich die Konfirmandinnen und Konfirmanden &#8211; auf Abstand. Zuerst w\u00e4hlten die Konfirmanden sich einen biblischen Mut-Mach-Spruch und \u00fcberlegten sich f\u00fcr diesen Spruch eine Gestaltungsform. Das Medium waren Holzbretter, auf diesen sollte der Spruch geschrieben und gemalt &hellip; <a href=\"https:\/\/www.ekimeissenheim.de\/?p=6669\">Weiterlesen <span class=\"meta-nav\">&rarr;<\/span><\/a><\/p>\n","protected":false},"author":2,"featured_media":0,"comment_status":"open","ping_status":"open","sticky":false,"template":"","format":"standard","meta":{"ngg_post_thumbnail":0,"footnotes":""},"categories":[1],"tags":[],"class_list":["post-6669","post","type-post","status-publish","format-standard","hentry","category-allgemein"],"_links":{"self":[{"href":"https:\/\/www.ekimeissenheim.de\/index.php?rest_route=\/wp\/v2\/posts\/6669","targetHints":{"allow":["GET"]}}],"collection":[{"href":"https:\/\/www.ekimeissenheim.de\/index.php?rest_route=\/wp\/v2\/posts"}],"about":[{"href":"https:\/\/www.ekimeissenheim.de\/index.php?rest_route=\/wp\/v2\/types\/post"}],"author":[{"embeddable":true,"href":"https:\/\/www.ekimeissenheim.de\/index.php?rest_route=\/wp\/v2\/users\/2"}],"replies":[{"embeddable":true,"href":"https:\/\/www.ekimeissenheim.de\/index.php?rest_route=%2Fwp%2Fv2%2Fcomments&post=6669"}],"version-history":[{"count":5,"href":"https:\/\/www.ekimeissenheim.de\/index.php?rest_route=\/wp\/v2\/posts\/6669\/revisions"}],"predecessor-version":[{"id":6686,"href":"https:\/\/www.ekimeissenheim.de\/index.php?rest_route=\/wp\/v2\/posts\/6669\/revisions\/6686"}],"wp:attachment":[{"href":"https:\/\/www.ekimeissenheim.de\/index.php?rest_route=%2Fwp%2Fv2%2Fmedia&parent=6669"}],"wp:term":[{"taxonomy":"category","embeddable":true,"href":"https:\/\/www.ekimeissenheim.de\/index.php?rest_route=%2Fwp%2Fv2%2Fcategories&post=6669"},{"taxonomy":"post_tag","embeddable":true,"href":"https:\/\/www.ekimeissenheim.de\/index.php?rest_route=%2Fwp%2Fv2%2Ftags&post=6669"}],"curies":[{"name":"wp","href":"https:\/\/api.w.org\/{rel}","templated":true}]}}