{"id":6388,"date":"2020-12-11T10:25:22","date_gmt":"2020-12-11T08:25:22","guid":{"rendered":"http:\/\/www.ekimeissenheim.de\/?p=6388"},"modified":"2020-12-11T10:25:22","modified_gmt":"2020-12-11T08:25:22","slug":"weihnachtspaeckchen-fuer-die-lahrer-tafel","status":"publish","type":"post","link":"https:\/\/www.ekimeissenheim.de\/?p=6388","title":{"rendered":"Weihnachtsp\u00e4ckchen f\u00fcr die Lahrer Tafel"},"content":{"rendered":"\n<p>Wieder haben sich im Pfarramt viele P\u00e4ckchen angesammelt,die f\u00fcr die Kinder der Lahrer Tafel gepackt wurden. Es ist sch\u00f6n, dass sich aus K\u00fcrzell und Mei\u00dfenheim so viele an dieser Aktion beteiligt haben.<\/p>\n\n\n\n<figure class=\"wp-block-image size-large is-style-rounded\"><a href=\"http:\/\/www.ekimeissenheim.de\/wp-content\/uploads\/Paeckchen-Lahrer-Tafel-2020-2.jpg\"><img loading=\"lazy\" decoding=\"async\" width=\"800\" height=\"600\" src=\"http:\/\/www.ekimeissenheim.de\/wp-content\/uploads\/Paeckchen-Lahrer-Tafel-2020-2.jpg\" alt=\"\" class=\"wp-image-6389\" srcset=\"https:\/\/www.ekimeissenheim.de\/wp-content\/uploads\/Paeckchen-Lahrer-Tafel-2020-2.jpg 800w, https:\/\/www.ekimeissenheim.de\/wp-content\/uploads\/Paeckchen-Lahrer-Tafel-2020-2-300x225.jpg 300w, https:\/\/www.ekimeissenheim.de\/wp-content\/uploads\/Paeckchen-Lahrer-Tafel-2020-2-768x576.jpg 768w\" sizes=\"auto, (max-width: 800px) 100vw, 800px\" \/><\/a><\/figure>\n\n\n\n<p>Ein herzliches Dankesch\u00f6n an Alle!!<\/p>\n","protected":false},"excerpt":{"rendered":"<p>Wieder haben sich im Pfarramt viele P\u00e4ckchen angesammelt,die f\u00fcr die Kinder der Lahrer Tafel gepackt wurden. Es ist sch\u00f6n, dass sich aus K\u00fcrzell und Mei\u00dfenheim so viele an dieser Aktion beteiligt haben. Ein herzliches Dankesch\u00f6n an Alle!!<\/p>\n","protected":false},"author":2,"featured_media":0,"comment_status":"open","ping_status":"open","sticky":false,"template":"","format":"standard","meta":{"ngg_post_thumbnail":0,"footnotes":""},"categories":[1],"tags":[],"class_list":["post-6388","post","type-post","status-publish","format-standard","hentry","category-allgemein"],"_links":{"self":[{"href":"https:\/\/www.ekimeissenheim.de\/index.php?rest_route=\/wp\/v2\/posts\/6388","targetHints":{"allow":["GET"]}}],"collection":[{"href":"https:\/\/www.ekimeissenheim.de\/index.php?rest_route=\/wp\/v2\/posts"}],"about":[{"href":"https:\/\/www.ekimeissenheim.de\/index.php?rest_route=\/wp\/v2\/types\/post"}],"author":[{"embeddable":true,"href":"https:\/\/www.ekimeissenheim.de\/index.php?rest_route=\/wp\/v2\/users\/2"}],"replies":[{"embeddable":true,"href":"https:\/\/www.ekimeissenheim.de\/index.php?rest_route=%2Fwp%2Fv2%2Fcomments&post=6388"}],"version-history":[{"count":1,"href":"https:\/\/www.ekimeissenheim.de\/index.php?rest_route=\/wp\/v2\/posts\/6388\/revisions"}],"predecessor-version":[{"id":6390,"href":"https:\/\/www.ekimeissenheim.de\/index.php?rest_route=\/wp\/v2\/posts\/6388\/revisions\/6390"}],"wp:attachment":[{"href":"https:\/\/www.ekimeissenheim.de\/index.php?rest_route=%2Fwp%2Fv2%2Fmedia&parent=6388"}],"wp:term":[{"taxonomy":"category","embeddable":true,"href":"https:\/\/www.ekimeissenheim.de\/index.php?rest_route=%2Fwp%2Fv2%2Fcategories&post=6388"},{"taxonomy":"post_tag","embeddable":true,"href":"https:\/\/www.ekimeissenheim.de\/index.php?rest_route=%2Fwp%2Fv2%2Ftags&post=6388"}],"curies":[{"name":"wp","href":"https:\/\/api.w.org\/{rel}","templated":true}]}}