{"id":6293,"date":"2020-10-11T11:57:04","date_gmt":"2020-10-11T09:57:04","guid":{"rendered":"http:\/\/www.ekimeissenheim.de\/?p=6293"},"modified":"2020-10-11T12:02:14","modified_gmt":"2020-10-11T10:02:14","slug":"werner-luick-als-langjaehriger-mesner-verabschiedet","status":"publish","type":"post","link":"https:\/\/www.ekimeissenheim.de\/?p=6293","title":{"rendered":"Werner Luick als langj\u00e4hriger Mesner verabschiedet"},"content":{"rendered":"\n<p>Pfarrer Adler verabschiedete Werner Luick aus dem Mesnerdienst der Kirchengemeinde und sagte dem langj\u00e4hrigen Mesner herzlichen Dank f\u00fcr seine Engagement. Werner Luick war immer eine sichere Bank und man konnte sich bei allem auf ihn verlassen.<br>Von der Kirchengemeinde \u00fcberreichte Pfr. Adler ein kleines Pr\u00e4sent und w\u00fcnschte dem ausscheidenden Mesner Gottes Segen.<\/p>\n\n\n\n<figure class=\"wp-block-image size-full is-resized is-style-default\"><img loading=\"lazy\" decoding=\"async\" src=\"http:\/\/www.ekimeissenheim.de\/wp-content\/uploads\/Luick-Werner-Verabschiedung-11.10.2020-Erntedank-Mhm.jpg\" alt=\"\" class=\"wp-image-6294\" width=\"450\" height=\"300\" srcset=\"https:\/\/www.ekimeissenheim.de\/wp-content\/uploads\/Luick-Werner-Verabschiedung-11.10.2020-Erntedank-Mhm.jpg 900w, https:\/\/www.ekimeissenheim.de\/wp-content\/uploads\/Luick-Werner-Verabschiedung-11.10.2020-Erntedank-Mhm-300x200.jpg 300w, https:\/\/www.ekimeissenheim.de\/wp-content\/uploads\/Luick-Werner-Verabschiedung-11.10.2020-Erntedank-Mhm-768x512.jpg 768w\" sizes=\"auto, (max-width: 450px) 100vw, 450px\" \/><\/figure>\n","protected":false},"excerpt":{"rendered":"<p>Pfarrer Adler verabschiedete Werner Luick aus dem Mesnerdienst der Kirchengemeinde und sagte dem langj\u00e4hrigen Mesner herzlichen Dank f\u00fcr seine Engagement. Werner Luick war immer eine sichere Bank und man konnte sich bei allem auf ihn verlassen.Von der Kirchengemeinde \u00fcberreichte Pfr. &hellip; <a href=\"https:\/\/www.ekimeissenheim.de\/?p=6293\">Weiterlesen <span class=\"meta-nav\">&rarr;<\/span><\/a><\/p>\n","protected":false},"author":2,"featured_media":0,"comment_status":"open","ping_status":"open","sticky":false,"template":"","format":"standard","meta":{"ngg_post_thumbnail":0,"footnotes":""},"categories":[1],"tags":[],"class_list":["post-6293","post","type-post","status-publish","format-standard","hentry","category-allgemein"],"_links":{"self":[{"href":"https:\/\/www.ekimeissenheim.de\/index.php?rest_route=\/wp\/v2\/posts\/6293","targetHints":{"allow":["GET"]}}],"collection":[{"href":"https:\/\/www.ekimeissenheim.de\/index.php?rest_route=\/wp\/v2\/posts"}],"about":[{"href":"https:\/\/www.ekimeissenheim.de\/index.php?rest_route=\/wp\/v2\/types\/post"}],"author":[{"embeddable":true,"href":"https:\/\/www.ekimeissenheim.de\/index.php?rest_route=\/wp\/v2\/users\/2"}],"replies":[{"embeddable":true,"href":"https:\/\/www.ekimeissenheim.de\/index.php?rest_route=%2Fwp%2Fv2%2Fcomments&post=6293"}],"version-history":[{"count":2,"href":"https:\/\/www.ekimeissenheim.de\/index.php?rest_route=\/wp\/v2\/posts\/6293\/revisions"}],"predecessor-version":[{"id":6297,"href":"https:\/\/www.ekimeissenheim.de\/index.php?rest_route=\/wp\/v2\/posts\/6293\/revisions\/6297"}],"wp:attachment":[{"href":"https:\/\/www.ekimeissenheim.de\/index.php?rest_route=%2Fwp%2Fv2%2Fmedia&parent=6293"}],"wp:term":[{"taxonomy":"category","embeddable":true,"href":"https:\/\/www.ekimeissenheim.de\/index.php?rest_route=%2Fwp%2Fv2%2Fcategories&post=6293"},{"taxonomy":"post_tag","embeddable":true,"href":"https:\/\/www.ekimeissenheim.de\/index.php?rest_route=%2Fwp%2Fv2%2Ftags&post=6293"}],"curies":[{"name":"wp","href":"https:\/\/api.w.org\/{rel}","templated":true}]}}