{"id":6289,"date":"2020-10-11T11:53:10","date_gmt":"2020-10-11T09:53:10","guid":{"rendered":"http:\/\/www.ekimeissenheim.de\/?p=6289"},"modified":"2020-10-11T11:53:10","modified_gmt":"2020-10-11T09:53:10","slug":"erntedank-meissenheim-mit-jubilarinnen-des-kirchenchores","status":"publish","type":"post","link":"https:\/\/www.ekimeissenheim.de\/?p=6289","title":{"rendered":"Erntedank Mei\u00dfenheim mit Jubilarinnen des Kirchenchores"},"content":{"rendered":"\n<p>Es ist schon eine kleine Tradition, dass an Erntedank der Kirchenchor seinen Jubilaren dankt. Dieses Jahr feierten Herta Hannemann und Ria Kaderlin ihr Chorjubil\u00e4um; beide singen seit 55 Jahren im Kirchenchor. Die Laudatio auf die Jubilarinnen hielt Chorleiterin Susanne Mo\u00dfmann. Es war ein Genuss, den Kirchenchor beim Erntedankfest wieder einmal zu h\u00f6ren und es hat gut geklungen, auch wenn die S\u00e4ngerinnen und S\u00e4nger auf Abstand standen.<\/p>\n\n\n\n<figure class=\"wp-block-gallery columns-2 is-cropped wp-block-gallery-1 is-layout-flex wp-block-gallery-is-layout-flex\"><ul class=\"blocks-gallery-grid\"><li class=\"blocks-gallery-item\"><figure><img loading=\"lazy\" decoding=\"async\" width=\"900\" height=\"600\" src=\"http:\/\/www.ekimeissenheim.de\/wp-content\/uploads\/Erntedank-2020-Mhm-Jubilarinnen-KiChor-Laudatio-von-Susanne-Mossmann.jpg\" alt=\"\" data-id=\"6290\" data-full-url=\"http:\/\/www.ekimeissenheim.de\/wp-content\/uploads\/Erntedank-2020-Mhm-Jubilarinnen-KiChor-Laudatio-von-Susanne-Mossmann.jpg\" data-link=\"http:\/\/www.ekimeissenheim.de\/?attachment_id=6290\" class=\"wp-image-6290\" srcset=\"https:\/\/www.ekimeissenheim.de\/wp-content\/uploads\/Erntedank-2020-Mhm-Jubilarinnen-KiChor-Laudatio-von-Susanne-Mossmann.jpg 900w, https:\/\/www.ekimeissenheim.de\/wp-content\/uploads\/Erntedank-2020-Mhm-Jubilarinnen-KiChor-Laudatio-von-Susanne-Mossmann-300x200.jpg 300w, https:\/\/www.ekimeissenheim.de\/wp-content\/uploads\/Erntedank-2020-Mhm-Jubilarinnen-KiChor-Laudatio-von-Susanne-Mossmann-768x512.jpg 768w\" sizes=\"auto, (max-width: 900px) 100vw, 900px\" \/><\/figure><\/li><li class=\"blocks-gallery-item\"><figure><img loading=\"lazy\" decoding=\"async\" width=\"900\" height=\"600\" src=\"http:\/\/www.ekimeissenheim.de\/wp-content\/uploads\/Erntedank-2020-Mhm-Jubilarinnen-Kirchenchor.jpg\" alt=\"\" data-id=\"6291\" data-full-url=\"http:\/\/www.ekimeissenheim.de\/wp-content\/uploads\/Erntedank-2020-Mhm-Jubilarinnen-Kirchenchor.jpg\" data-link=\"http:\/\/www.ekimeissenheim.de\/?attachment_id=6291\" class=\"wp-image-6291\" srcset=\"https:\/\/www.ekimeissenheim.de\/wp-content\/uploads\/Erntedank-2020-Mhm-Jubilarinnen-Kirchenchor.jpg 900w, https:\/\/www.ekimeissenheim.de\/wp-content\/uploads\/Erntedank-2020-Mhm-Jubilarinnen-Kirchenchor-300x200.jpg 300w, https:\/\/www.ekimeissenheim.de\/wp-content\/uploads\/Erntedank-2020-Mhm-Jubilarinnen-Kirchenchor-768x512.jpg 768w\" sizes=\"auto, (max-width: 900px) 100vw, 900px\" \/><\/figure><\/li><\/ul><\/figure>\n","protected":false},"excerpt":{"rendered":"<p>Es ist schon eine kleine Tradition, dass an Erntedank der Kirchenchor seinen Jubilaren dankt. Dieses Jahr feierten Herta Hannemann und Ria Kaderlin ihr Chorjubil\u00e4um; beide singen seit 55 Jahren im Kirchenchor. Die Laudatio auf die Jubilarinnen hielt Chorleiterin Susanne Mo\u00dfmann. &hellip; <a href=\"https:\/\/www.ekimeissenheim.de\/?p=6289\">Weiterlesen <span class=\"meta-nav\">&rarr;<\/span><\/a><\/p>\n","protected":false},"author":2,"featured_media":0,"comment_status":"open","ping_status":"open","sticky":false,"template":"","format":"standard","meta":{"ngg_post_thumbnail":0,"footnotes":""},"categories":[1],"tags":[],"class_list":["post-6289","post","type-post","status-publish","format-standard","hentry","category-allgemein"],"_links":{"self":[{"href":"https:\/\/www.ekimeissenheim.de\/index.php?rest_route=\/wp\/v2\/posts\/6289","targetHints":{"allow":["GET"]}}],"collection":[{"href":"https:\/\/www.ekimeissenheim.de\/index.php?rest_route=\/wp\/v2\/posts"}],"about":[{"href":"https:\/\/www.ekimeissenheim.de\/index.php?rest_route=\/wp\/v2\/types\/post"}],"author":[{"embeddable":true,"href":"https:\/\/www.ekimeissenheim.de\/index.php?rest_route=\/wp\/v2\/users\/2"}],"replies":[{"embeddable":true,"href":"https:\/\/www.ekimeissenheim.de\/index.php?rest_route=%2Fwp%2Fv2%2Fcomments&post=6289"}],"version-history":[{"count":1,"href":"https:\/\/www.ekimeissenheim.de\/index.php?rest_route=\/wp\/v2\/posts\/6289\/revisions"}],"predecessor-version":[{"id":6292,"href":"https:\/\/www.ekimeissenheim.de\/index.php?rest_route=\/wp\/v2\/posts\/6289\/revisions\/6292"}],"wp:attachment":[{"href":"https:\/\/www.ekimeissenheim.de\/index.php?rest_route=%2Fwp%2Fv2%2Fmedia&parent=6289"}],"wp:term":[{"taxonomy":"category","embeddable":true,"href":"https:\/\/www.ekimeissenheim.de\/index.php?rest_route=%2Fwp%2Fv2%2Fcategories&post=6289"},{"taxonomy":"post_tag","embeddable":true,"href":"https:\/\/www.ekimeissenheim.de\/index.php?rest_route=%2Fwp%2Fv2%2Ftags&post=6289"}],"curies":[{"name":"wp","href":"https:\/\/api.w.org\/{rel}","templated":true}]}}