{"id":6267,"date":"2020-10-05T16:37:27","date_gmt":"2020-10-05T14:37:27","guid":{"rendered":"http:\/\/www.ekimeissenheim.de\/?p=6267"},"modified":"2020-10-05T16:37:27","modified_gmt":"2020-10-05T14:37:27","slug":"erntedank-immer-wieder-und-immer-noch","status":"publish","type":"post","link":"https:\/\/www.ekimeissenheim.de\/?p=6267","title":{"rendered":"Erntedank &#8211; immer wieder und immer noch"},"content":{"rendered":"\n<p>Die Zeiten sind merkw\u00fcrdig und vieles, was gewohnt war, ist es nicht mehr. Aber wir haben wieder Erntedank gefeiert und in der evangelischen Kirche in K\u00fcrzell gab es einen sch\u00f6nen Erntedankaltar. Neben allem, was wir nicht mehr k\u00f6nnen, oder nur auf Abstand, k\u00f6nnen wir dennoch Danke sagen. Gott danken f\u00fcr das Leben, das er uns erh\u00e4lt und gew\u00e4hrt. Wir sollten das nie vergessen.<\/p>\n\n\n\n<figure class=\"wp-block-image size-large is-style-default\"><img loading=\"lazy\" decoding=\"async\" width=\"900\" height=\"600\" src=\"http:\/\/www.ekimeissenheim.de\/wp-content\/uploads\/Erntedank-2020-Kue.jpg\" alt=\"\" class=\"wp-image-6268\" srcset=\"https:\/\/www.ekimeissenheim.de\/wp-content\/uploads\/Erntedank-2020-Kue.jpg 900w, https:\/\/www.ekimeissenheim.de\/wp-content\/uploads\/Erntedank-2020-Kue-300x200.jpg 300w, https:\/\/www.ekimeissenheim.de\/wp-content\/uploads\/Erntedank-2020-Kue-768x512.jpg 768w\" sizes=\"auto, (max-width: 900px) 100vw, 900px\" \/><\/figure>\n","protected":false},"excerpt":{"rendered":"<p>Die Zeiten sind merkw\u00fcrdig und vieles, was gewohnt war, ist es nicht mehr. Aber wir haben wieder Erntedank gefeiert und in der evangelischen Kirche in K\u00fcrzell gab es einen sch\u00f6nen Erntedankaltar. Neben allem, was wir nicht mehr k\u00f6nnen, oder nur &hellip; <a href=\"https:\/\/www.ekimeissenheim.de\/?p=6267\">Weiterlesen <span class=\"meta-nav\">&rarr;<\/span><\/a><\/p>\n","protected":false},"author":2,"featured_media":0,"comment_status":"open","ping_status":"open","sticky":false,"template":"","format":"standard","meta":{"ngg_post_thumbnail":0,"footnotes":""},"categories":[1],"tags":[],"class_list":["post-6267","post","type-post","status-publish","format-standard","hentry","category-allgemein"],"_links":{"self":[{"href":"https:\/\/www.ekimeissenheim.de\/index.php?rest_route=\/wp\/v2\/posts\/6267","targetHints":{"allow":["GET"]}}],"collection":[{"href":"https:\/\/www.ekimeissenheim.de\/index.php?rest_route=\/wp\/v2\/posts"}],"about":[{"href":"https:\/\/www.ekimeissenheim.de\/index.php?rest_route=\/wp\/v2\/types\/post"}],"author":[{"embeddable":true,"href":"https:\/\/www.ekimeissenheim.de\/index.php?rest_route=\/wp\/v2\/users\/2"}],"replies":[{"embeddable":true,"href":"https:\/\/www.ekimeissenheim.de\/index.php?rest_route=%2Fwp%2Fv2%2Fcomments&post=6267"}],"version-history":[{"count":1,"href":"https:\/\/www.ekimeissenheim.de\/index.php?rest_route=\/wp\/v2\/posts\/6267\/revisions"}],"predecessor-version":[{"id":6269,"href":"https:\/\/www.ekimeissenheim.de\/index.php?rest_route=\/wp\/v2\/posts\/6267\/revisions\/6269"}],"wp:attachment":[{"href":"https:\/\/www.ekimeissenheim.de\/index.php?rest_route=%2Fwp%2Fv2%2Fmedia&parent=6267"}],"wp:term":[{"taxonomy":"category","embeddable":true,"href":"https:\/\/www.ekimeissenheim.de\/index.php?rest_route=%2Fwp%2Fv2%2Fcategories&post=6267"},{"taxonomy":"post_tag","embeddable":true,"href":"https:\/\/www.ekimeissenheim.de\/index.php?rest_route=%2Fwp%2Fv2%2Ftags&post=6267"}],"curies":[{"name":"wp","href":"https:\/\/api.w.org\/{rel}","templated":true}]}}