{"id":5867,"date":"2020-01-15T22:20:46","date_gmt":"2020-01-15T20:20:46","guid":{"rendered":"http:\/\/www.ekimeissenheim.de\/?p=5867"},"modified":"2020-01-15T22:20:46","modified_gmt":"2020-01-15T20:20:46","slug":"einfuehrung-des-neuen-kirchengemeinderates-in-kuerzell","status":"publish","type":"post","link":"https:\/\/www.ekimeissenheim.de\/?p=5867","title":{"rendered":"Einf\u00fchrung des neuen Kirchengemeinderates in K\u00fcrzell"},"content":{"rendered":"\n<p>Am Sonntag 12. Januar fand im Rahmen eines Abendgottesdienstes die Einf\u00fchrung der neuen Kirchengemeinder\u00e4te statt. Der Gottesdienst wurde mitgestaltet durch die Unditzspatzen unter der Leitung von Sabrina Schneider.<\/p>\n\n\n\n<p>Die ausscheidenden Kirchengemeinder\u00e4te wurden verabschiedet. Pfr. Adler dankte ihnen f\u00fcr ihr Engagement in den zur\u00fcckliegenden Jahren und w\u00fcnschte ihnen f\u00fcr den weiteren Weg Gottes Segen.<\/p>\n\n\n\n<p>Die neuen Kirchengemeinder\u00e4te wurden auf die Ordnung der Badischen Landeskirche verpflichtet und erhielten f\u00fcr ihre Arbeit den Segen.<\/p>\n\n\n\n<figure class=\"wp-block-image size-large\"><img loading=\"lazy\" decoding=\"async\" width=\"900\" height=\"600\" src=\"http:\/\/www.ekimeissenheim.de\/wp-content\/uploads\/IMG_1673.jpg\" alt=\"\" class=\"wp-image-5868\" srcset=\"https:\/\/www.ekimeissenheim.de\/wp-content\/uploads\/IMG_1673.jpg 900w, https:\/\/www.ekimeissenheim.de\/wp-content\/uploads\/IMG_1673-300x200.jpg 300w, https:\/\/www.ekimeissenheim.de\/wp-content\/uploads\/IMG_1673-768x512.jpg 768w\" sizes=\"auto, (max-width: 900px) 100vw, 900px\" \/><figcaption>Die ausscheidenden Kirchengemeinder\u00e4te Joachim Wagner-Rieth, Ralf Kunz und Rolf Wagner<\/figcaption><\/figure>\n\n\n\n<figure class=\"wp-block-image size-large\"><img loading=\"lazy\" decoding=\"async\" width=\"900\" height=\"600\" src=\"http:\/\/www.ekimeissenheim.de\/wp-content\/uploads\/IMG_1681.jpg\" alt=\"\" class=\"wp-image-5869\" srcset=\"https:\/\/www.ekimeissenheim.de\/wp-content\/uploads\/IMG_1681.jpg 900w, https:\/\/www.ekimeissenheim.de\/wp-content\/uploads\/IMG_1681-300x200.jpg 300w, https:\/\/www.ekimeissenheim.de\/wp-content\/uploads\/IMG_1681-768x512.jpg 768w\" sizes=\"auto, (max-width: 900px) 100vw, 900px\" \/><figcaption>Gratulation an die Neuen durch Pfr. Adler: Bettina Zanger, Christiane Heimburger, Martina Fellmann, Patrick Zimmer und G\u00fcnter Kientz<\/figcaption><\/figure>\n","protected":false},"excerpt":{"rendered":"<p>Am Sonntag 12. Januar fand im Rahmen eines Abendgottesdienstes die Einf\u00fchrung der neuen Kirchengemeinder\u00e4te statt. Der Gottesdienst wurde mitgestaltet durch die Unditzspatzen unter der Leitung von Sabrina Schneider. Die ausscheidenden Kirchengemeinder\u00e4te wurden verabschiedet. Pfr. Adler dankte ihnen f\u00fcr ihr Engagement &hellip; <a href=\"https:\/\/www.ekimeissenheim.de\/?p=5867\">Weiterlesen <span class=\"meta-nav\">&rarr;<\/span><\/a><\/p>\n","protected":false},"author":2,"featured_media":0,"comment_status":"open","ping_status":"open","sticky":false,"template":"","format":"standard","meta":{"ngg_post_thumbnail":0,"footnotes":""},"categories":[1],"tags":[],"class_list":["post-5867","post","type-post","status-publish","format-standard","hentry","category-allgemein"],"_links":{"self":[{"href":"https:\/\/www.ekimeissenheim.de\/index.php?rest_route=\/wp\/v2\/posts\/5867","targetHints":{"allow":["GET"]}}],"collection":[{"href":"https:\/\/www.ekimeissenheim.de\/index.php?rest_route=\/wp\/v2\/posts"}],"about":[{"href":"https:\/\/www.ekimeissenheim.de\/index.php?rest_route=\/wp\/v2\/types\/post"}],"author":[{"embeddable":true,"href":"https:\/\/www.ekimeissenheim.de\/index.php?rest_route=\/wp\/v2\/users\/2"}],"replies":[{"embeddable":true,"href":"https:\/\/www.ekimeissenheim.de\/index.php?rest_route=%2Fwp%2Fv2%2Fcomments&post=5867"}],"version-history":[{"count":1,"href":"https:\/\/www.ekimeissenheim.de\/index.php?rest_route=\/wp\/v2\/posts\/5867\/revisions"}],"predecessor-version":[{"id":5870,"href":"https:\/\/www.ekimeissenheim.de\/index.php?rest_route=\/wp\/v2\/posts\/5867\/revisions\/5870"}],"wp:attachment":[{"href":"https:\/\/www.ekimeissenheim.de\/index.php?rest_route=%2Fwp%2Fv2%2Fmedia&parent=5867"}],"wp:term":[{"taxonomy":"category","embeddable":true,"href":"https:\/\/www.ekimeissenheim.de\/index.php?rest_route=%2Fwp%2Fv2%2Fcategories&post=5867"},{"taxonomy":"post_tag","embeddable":true,"href":"https:\/\/www.ekimeissenheim.de\/index.php?rest_route=%2Fwp%2Fv2%2Ftags&post=5867"}],"curies":[{"name":"wp","href":"https:\/\/api.w.org\/{rel}","templated":true}]}}