{"id":5847,"date":"2019-12-29T13:20:46","date_gmt":"2019-12-29T11:20:46","guid":{"rendered":"http:\/\/www.ekimeissenheim.de\/?p=5847"},"modified":"2019-12-29T13:20:46","modified_gmt":"2019-12-29T11:20:46","slug":"kirchengemeinderat-meissenheim-eingefuehrt","status":"publish","type":"post","link":"https:\/\/www.ekimeissenheim.de\/?p=5847","title":{"rendered":"Kirchengemeinderat Mei\u00dfenheim eingef\u00fchrt"},"content":{"rendered":"\n<p>Am 1. Sonntag nach Weihnachten fand die Einf\u00fchrung des neuen Kirchengemeinderates in Mei\u00dfenheim statt. Pfr. Adler freute sich sehr, dass sich 9 Frauen und M\u00e4nner fanden, die Verantwortung f\u00fcr die Gemeinde \u00fcbernehmen wollen. Es sind dies: Heidrun Bertrand &#8211; Monika Glaser &#8211; Carmen Kern &#8211; Sonja Kunz &#8211; Matthias May &#8211; Heinz Reith &#8211; Nicolas Roth &#8211; Petra Sexauer &#8211; Markus Velz.<\/p>\n\n\n\n<p> Verabschiedet wurden die ausscheidenden Kirchengemeinder\u00e4te Liesel  Kasprazak &#8211; Sabine Rosewich &#8211; Gerold Schnebel. Pfr. Adler dankte ihnen.  Sie haben \u00fcber Jahre hinweg ihre Zeit, Begabung und Kraft in den Dienst  der Gemeinde gestellt und an Entscheidungen mitgewirkt. <\/p>\n\n\n\n<figure class=\"wp-block-image size-large\"><img loading=\"lazy\" decoding=\"async\" width=\"900\" height=\"600\" src=\"http:\/\/www.ekimeissenheim.de\/wp-content\/uploads\/IMG_1647.jpg\" alt=\"\" class=\"wp-image-5848\" srcset=\"https:\/\/www.ekimeissenheim.de\/wp-content\/uploads\/IMG_1647.jpg 900w, https:\/\/www.ekimeissenheim.de\/wp-content\/uploads\/IMG_1647-300x200.jpg 300w, https:\/\/www.ekimeissenheim.de\/wp-content\/uploads\/IMG_1647-768x512.jpg 768w\" sizes=\"auto, (max-width: 900px) 100vw, 900px\" \/><figcaption>Der neue Kirchengemeinderat<\/figcaption><\/figure>\n\n\n\n<figure class=\"wp-block-image size-large\"><img loading=\"lazy\" decoding=\"async\" width=\"900\" height=\"600\" src=\"http:\/\/www.ekimeissenheim.de\/wp-content\/uploads\/IMG_1640.jpg\" alt=\"\" class=\"wp-image-5849\" srcset=\"https:\/\/www.ekimeissenheim.de\/wp-content\/uploads\/IMG_1640.jpg 900w, https:\/\/www.ekimeissenheim.de\/wp-content\/uploads\/IMG_1640-300x200.jpg 300w, https:\/\/www.ekimeissenheim.de\/wp-content\/uploads\/IMG_1640-768x512.jpg 768w\" sizes=\"auto, (max-width: 900px) 100vw, 900px\" \/><figcaption>Die ausscheidenden Kirchengemeinder\u00e4te<\/figcaption><\/figure>\n","protected":false},"excerpt":{"rendered":"<p>Am 1. Sonntag nach Weihnachten fand die Einf\u00fchrung des neuen Kirchengemeinderates in Mei\u00dfenheim statt. Pfr. Adler freute sich sehr, dass sich 9 Frauen und M\u00e4nner fanden, die Verantwortung f\u00fcr die Gemeinde \u00fcbernehmen wollen. Es sind dies: Heidrun Bertrand &#8211; Monika &hellip; <a href=\"https:\/\/www.ekimeissenheim.de\/?p=5847\">Weiterlesen <span class=\"meta-nav\">&rarr;<\/span><\/a><\/p>\n","protected":false},"author":2,"featured_media":0,"comment_status":"open","ping_status":"open","sticky":false,"template":"","format":"standard","meta":{"ngg_post_thumbnail":0,"footnotes":""},"categories":[1],"tags":[],"class_list":["post-5847","post","type-post","status-publish","format-standard","hentry","category-allgemein"],"_links":{"self":[{"href":"https:\/\/www.ekimeissenheim.de\/index.php?rest_route=\/wp\/v2\/posts\/5847","targetHints":{"allow":["GET"]}}],"collection":[{"href":"https:\/\/www.ekimeissenheim.de\/index.php?rest_route=\/wp\/v2\/posts"}],"about":[{"href":"https:\/\/www.ekimeissenheim.de\/index.php?rest_route=\/wp\/v2\/types\/post"}],"author":[{"embeddable":true,"href":"https:\/\/www.ekimeissenheim.de\/index.php?rest_route=\/wp\/v2\/users\/2"}],"replies":[{"embeddable":true,"href":"https:\/\/www.ekimeissenheim.de\/index.php?rest_route=%2Fwp%2Fv2%2Fcomments&post=5847"}],"version-history":[{"count":2,"href":"https:\/\/www.ekimeissenheim.de\/index.php?rest_route=\/wp\/v2\/posts\/5847\/revisions"}],"predecessor-version":[{"id":5851,"href":"https:\/\/www.ekimeissenheim.de\/index.php?rest_route=\/wp\/v2\/posts\/5847\/revisions\/5851"}],"wp:attachment":[{"href":"https:\/\/www.ekimeissenheim.de\/index.php?rest_route=%2Fwp%2Fv2%2Fmedia&parent=5847"}],"wp:term":[{"taxonomy":"category","embeddable":true,"href":"https:\/\/www.ekimeissenheim.de\/index.php?rest_route=%2Fwp%2Fv2%2Fcategories&post=5847"},{"taxonomy":"post_tag","embeddable":true,"href":"https:\/\/www.ekimeissenheim.de\/index.php?rest_route=%2Fwp%2Fv2%2Ftags&post=5847"}],"curies":[{"name":"wp","href":"https:\/\/api.w.org\/{rel}","templated":true}]}}