{"id":5839,"date":"2019-12-15T08:27:17","date_gmt":"2019-12-15T06:27:17","guid":{"rendered":"http:\/\/www.ekimeissenheim.de\/?p=5839"},"modified":"2019-12-15T08:27:17","modified_gmt":"2019-12-15T06:27:17","slug":"cafe-miteinander-im-advent","status":"publish","type":"post","link":"https:\/\/www.ekimeissenheim.de\/?p=5839","title":{"rendered":"Cafe Miteinander im Advent"},"content":{"rendered":"\n<p>Das &#8222;Cafe Miteinander&#8220; fand im Advent im evangelischen Gemeindehaus statt. Die Konfirmandinnen und Konfirmanden waren an den Vorbereitungen mitbeteiligt. Alle freuten sich, dass mit Kantorin Susanne Mo\u00dfmann Adventslieder gesungen werden konnten. Wie immer war das Miteinander und die Gespr\u00e4che das Wichtigste. F\u00fcr die Kinder gab es Bastelangebote, auch das halfen die Konfirmanden mit.<\/p>\n\n\n\n<figure class=\"wp-block-image size-large\"><img loading=\"lazy\" decoding=\"async\" width=\"800\" height=\"600\" src=\"http:\/\/www.ekimeissenheim.de\/wp-content\/uploads\/DSCN0079.jpg\" alt=\"\" class=\"wp-image-5840\" srcset=\"https:\/\/www.ekimeissenheim.de\/wp-content\/uploads\/DSCN0079.jpg 800w, https:\/\/www.ekimeissenheim.de\/wp-content\/uploads\/DSCN0079-300x225.jpg 300w, https:\/\/www.ekimeissenheim.de\/wp-content\/uploads\/DSCN0079-768x576.jpg 768w\" sizes=\"auto, (max-width: 800px) 100vw, 800px\" \/><\/figure>\n\n\n\n<figure class=\"wp-block-image size-large\"><img loading=\"lazy\" decoding=\"async\" width=\"800\" height=\"600\" src=\"http:\/\/www.ekimeissenheim.de\/wp-content\/uploads\/DSCN0084.jpg\" alt=\"\" class=\"wp-image-5841\" srcset=\"https:\/\/www.ekimeissenheim.de\/wp-content\/uploads\/DSCN0084.jpg 800w, https:\/\/www.ekimeissenheim.de\/wp-content\/uploads\/DSCN0084-300x225.jpg 300w, https:\/\/www.ekimeissenheim.de\/wp-content\/uploads\/DSCN0084-768x576.jpg 768w\" sizes=\"auto, (max-width: 800px) 100vw, 800px\" \/><\/figure>\n","protected":false},"excerpt":{"rendered":"<p>Das &#8222;Cafe Miteinander&#8220; fand im Advent im evangelischen Gemeindehaus statt. Die Konfirmandinnen und Konfirmanden waren an den Vorbereitungen mitbeteiligt. Alle freuten sich, dass mit Kantorin Susanne Mo\u00dfmann Adventslieder gesungen werden konnten. Wie immer war das Miteinander und die Gespr\u00e4che das &hellip; <a href=\"https:\/\/www.ekimeissenheim.de\/?p=5839\">Weiterlesen <span class=\"meta-nav\">&rarr;<\/span><\/a><\/p>\n","protected":false},"author":2,"featured_media":0,"comment_status":"open","ping_status":"open","sticky":false,"template":"","format":"standard","meta":{"ngg_post_thumbnail":0,"footnotes":""},"categories":[1],"tags":[],"class_list":["post-5839","post","type-post","status-publish","format-standard","hentry","category-allgemein"],"_links":{"self":[{"href":"https:\/\/www.ekimeissenheim.de\/index.php?rest_route=\/wp\/v2\/posts\/5839","targetHints":{"allow":["GET"]}}],"collection":[{"href":"https:\/\/www.ekimeissenheim.de\/index.php?rest_route=\/wp\/v2\/posts"}],"about":[{"href":"https:\/\/www.ekimeissenheim.de\/index.php?rest_route=\/wp\/v2\/types\/post"}],"author":[{"embeddable":true,"href":"https:\/\/www.ekimeissenheim.de\/index.php?rest_route=\/wp\/v2\/users\/2"}],"replies":[{"embeddable":true,"href":"https:\/\/www.ekimeissenheim.de\/index.php?rest_route=%2Fwp%2Fv2%2Fcomments&post=5839"}],"version-history":[{"count":1,"href":"https:\/\/www.ekimeissenheim.de\/index.php?rest_route=\/wp\/v2\/posts\/5839\/revisions"}],"predecessor-version":[{"id":5842,"href":"https:\/\/www.ekimeissenheim.de\/index.php?rest_route=\/wp\/v2\/posts\/5839\/revisions\/5842"}],"wp:attachment":[{"href":"https:\/\/www.ekimeissenheim.de\/index.php?rest_route=%2Fwp%2Fv2%2Fmedia&parent=5839"}],"wp:term":[{"taxonomy":"category","embeddable":true,"href":"https:\/\/www.ekimeissenheim.de\/index.php?rest_route=%2Fwp%2Fv2%2Fcategories&post=5839"},{"taxonomy":"post_tag","embeddable":true,"href":"https:\/\/www.ekimeissenheim.de\/index.php?rest_route=%2Fwp%2Fv2%2Ftags&post=5839"}],"curies":[{"name":"wp","href":"https:\/\/api.w.org\/{rel}","templated":true}]}}