{"id":5818,"date":"2019-12-02T15:28:31","date_gmt":"2019-12-02T13:28:31","guid":{"rendered":"http:\/\/www.ekimeissenheim.de\/?p=5818"},"modified":"2019-12-02T15:28:31","modified_gmt":"2019-12-02T13:28:31","slug":"adventsmusik-2019","status":"publish","type":"post","link":"https:\/\/www.ekimeissenheim.de\/?p=5818","title":{"rendered":"Adventsmusik 2019"},"content":{"rendered":"\n<p>Viele haben der Adventsmusik am 1. Advent gelauscht und sich gefreut \u00fcber das sch\u00f6ne Programm, das Kantorin Susanne Mo\u00dfmann wieder zusammengestellt hatte. H\u00f6hepunkt war ohne Zweifel &#8222;Es wird ein Stern aus Jakob aufgehn&#8220; aus dem Oratorium &#8222;Christus&#8220; von Felix Mendelsohn-Bartholdy. S\u00e4ngerinnen und S\u00e4nger haben brilliert und ebenso das Ensemble der Instrumentalisten, sowie Kantor Frank Spengler an der Orgel und am Orgelpositiv.<\/p>\n\n\n\n<figure class=\"wp-block-gallery columns-3 is-cropped wp-block-gallery-1 is-layout-flex wp-block-gallery-is-layout-flex\"><ul class=\"blocks-gallery-grid\"><li class=\"blocks-gallery-item\"><figure><img loading=\"lazy\" decoding=\"async\" width=\"800\" height=\"533\" src=\"http:\/\/www.ekimeissenheim.de\/wp-content\/uploads\/IMG_1633.jpg\" alt=\"\" data-id=\"5819\" data-full-url=\"http:\/\/www.ekimeissenheim.de\/wp-content\/uploads\/IMG_1633.jpg\" data-link=\"http:\/\/www.ekimeissenheim.de\/?attachment_id=5819\" class=\"wp-image-5819\" srcset=\"https:\/\/www.ekimeissenheim.de\/wp-content\/uploads\/IMG_1633.jpg 800w, https:\/\/www.ekimeissenheim.de\/wp-content\/uploads\/IMG_1633-300x200.jpg 300w, https:\/\/www.ekimeissenheim.de\/wp-content\/uploads\/IMG_1633-768x512.jpg 768w\" sizes=\"auto, (max-width: 800px) 100vw, 800px\" \/><\/figure><\/li><li class=\"blocks-gallery-item\"><figure><img loading=\"lazy\" decoding=\"async\" width=\"800\" height=\"533\" src=\"http:\/\/www.ekimeissenheim.de\/wp-content\/uploads\/IMG_1636.jpg\" alt=\"\" data-id=\"5820\" data-full-url=\"http:\/\/www.ekimeissenheim.de\/wp-content\/uploads\/IMG_1636.jpg\" data-link=\"http:\/\/www.ekimeissenheim.de\/?attachment_id=5820\" class=\"wp-image-5820\" srcset=\"https:\/\/www.ekimeissenheim.de\/wp-content\/uploads\/IMG_1636.jpg 800w, https:\/\/www.ekimeissenheim.de\/wp-content\/uploads\/IMG_1636-300x200.jpg 300w, https:\/\/www.ekimeissenheim.de\/wp-content\/uploads\/IMG_1636-768x512.jpg 768w\" sizes=\"auto, (max-width: 800px) 100vw, 800px\" \/><\/figure><\/li><li class=\"blocks-gallery-item\"><figure><img loading=\"lazy\" decoding=\"async\" width=\"800\" height=\"533\" src=\"http:\/\/www.ekimeissenheim.de\/wp-content\/uploads\/SAM_7376-002.jpg\" alt=\"\" data-id=\"5821\" data-full-url=\"http:\/\/www.ekimeissenheim.de\/wp-content\/uploads\/SAM_7376-002.jpg\" data-link=\"http:\/\/www.ekimeissenheim.de\/?attachment_id=5821\" class=\"wp-image-5821\" srcset=\"https:\/\/www.ekimeissenheim.de\/wp-content\/uploads\/SAM_7376-002.jpg 800w, https:\/\/www.ekimeissenheim.de\/wp-content\/uploads\/SAM_7376-002-300x200.jpg 300w, https:\/\/www.ekimeissenheim.de\/wp-content\/uploads\/SAM_7376-002-768x512.jpg 768w\" sizes=\"auto, (max-width: 800px) 100vw, 800px\" \/><figcaption class=\"blocks-gallery-item__caption\">SAMSUNG CSC<\/figcaption><\/figure><\/li><\/ul><\/figure>\n","protected":false},"excerpt":{"rendered":"<p>Viele haben der Adventsmusik am 1. Advent gelauscht und sich gefreut \u00fcber das sch\u00f6ne Programm, das Kantorin Susanne Mo\u00dfmann wieder zusammengestellt hatte. H\u00f6hepunkt war ohne Zweifel &#8222;Es wird ein Stern aus Jakob aufgehn&#8220; aus dem Oratorium &#8222;Christus&#8220; von Felix Mendelsohn-Bartholdy. &hellip; <a href=\"https:\/\/www.ekimeissenheim.de\/?p=5818\">Weiterlesen <span class=\"meta-nav\">&rarr;<\/span><\/a><\/p>\n","protected":false},"author":2,"featured_media":0,"comment_status":"open","ping_status":"open","sticky":false,"template":"","format":"standard","meta":{"ngg_post_thumbnail":0,"footnotes":""},"categories":[1],"tags":[],"class_list":["post-5818","post","type-post","status-publish","format-standard","hentry","category-allgemein"],"_links":{"self":[{"href":"https:\/\/www.ekimeissenheim.de\/index.php?rest_route=\/wp\/v2\/posts\/5818","targetHints":{"allow":["GET"]}}],"collection":[{"href":"https:\/\/www.ekimeissenheim.de\/index.php?rest_route=\/wp\/v2\/posts"}],"about":[{"href":"https:\/\/www.ekimeissenheim.de\/index.php?rest_route=\/wp\/v2\/types\/post"}],"author":[{"embeddable":true,"href":"https:\/\/www.ekimeissenheim.de\/index.php?rest_route=\/wp\/v2\/users\/2"}],"replies":[{"embeddable":true,"href":"https:\/\/www.ekimeissenheim.de\/index.php?rest_route=%2Fwp%2Fv2%2Fcomments&post=5818"}],"version-history":[{"count":1,"href":"https:\/\/www.ekimeissenheim.de\/index.php?rest_route=\/wp\/v2\/posts\/5818\/revisions"}],"predecessor-version":[{"id":5822,"href":"https:\/\/www.ekimeissenheim.de\/index.php?rest_route=\/wp\/v2\/posts\/5818\/revisions\/5822"}],"wp:attachment":[{"href":"https:\/\/www.ekimeissenheim.de\/index.php?rest_route=%2Fwp%2Fv2%2Fmedia&parent=5818"}],"wp:term":[{"taxonomy":"category","embeddable":true,"href":"https:\/\/www.ekimeissenheim.de\/index.php?rest_route=%2Fwp%2Fv2%2Fcategories&post=5818"},{"taxonomy":"post_tag","embeddable":true,"href":"https:\/\/www.ekimeissenheim.de\/index.php?rest_route=%2Fwp%2Fv2%2Ftags&post=5818"}],"curies":[{"name":"wp","href":"https:\/\/api.w.org\/{rel}","templated":true}]}}