{"id":5704,"date":"2019-10-16T21:08:54","date_gmt":"2019-10-16T19:08:54","guid":{"rendered":"http:\/\/www.ekimeissenheim.de\/?p=5704"},"modified":"2019-10-16T21:08:55","modified_gmt":"2019-10-16T19:08:55","slug":"herbstfest-und-jubilaeum-im-kindergarten-kuerzell","status":"publish","type":"post","link":"https:\/\/www.ekimeissenheim.de\/?p=5704","title":{"rendered":"Herbstfest und Jubil\u00e4um im Kindergarten K\u00fcrzell"},"content":{"rendered":"\n<p>Viele Kinder und Eltern waren gekommen, denn es gab einen Grund zu feiern. <br>Am 20 September 2019 fand unser erstes Herbstfest statt. Frau Claudia G\u00f6ppert geboren Lehmann, feierte ihr 25j\u00e4hriges Jubil\u00e4um bei uns im Kindergarten. <br>Frau G\u00f6ppert begann im Jahre 1994 als Praktikantin und befand sich somit im letzten Ausbildungsjahr, dem Anerkennungsjahr. Nach einem erfolgreichen Abschluss zur Kinderpflegerin, wurde Frau G\u00f6ppert fest in das Team \u00fcbernommen \u2013 bis heute ist Sie nicht weg zu denken. <br>Da Frau G\u00f6ppert eine wahre Bereicherung f\u00fcr das Kindergartenteam ist und sie sich gerne handwerklich verausgabt, hatte Frau G\u00f6ppert am Herbstfest die Aufgabe\u00a0 eine eigene Holzwerkezeugkiste zu bauen. Gemeinsam mit Frau Polzin, der Kindergartenleitung und Frau Schl\u00e4ger, der Elternbeiratsvorsitzenden wurde diese wunderbare Holzkiste geschaffen.\u00a0 Nach getaner Arbeit und einem vollen Erfolg gab es Flammenkuchen, Kaltgetr\u00e4nke und neuen Wein. Es war ein sch\u00f6nes Fest und wir freuen uns auf weitere gemeinsame Jahre mit Frau G\u00f6ppert. <\/p>\n\n\n\n<figure class=\"wp-block-image\"><img loading=\"lazy\" decoding=\"async\" width=\"600\" height=\"800\" src=\"http:\/\/www.ekimeissenheim.de\/wp-content\/uploads\/Jubil\u00e4um-Claudia-G\u00f6ppert-2019-1.jpg\" alt=\"\" class=\"wp-image-5705\" srcset=\"https:\/\/www.ekimeissenheim.de\/wp-content\/uploads\/Jubil\u00e4um-Claudia-G\u00f6ppert-2019-1.jpg 600w, https:\/\/www.ekimeissenheim.de\/wp-content\/uploads\/Jubil\u00e4um-Claudia-G\u00f6ppert-2019-1-225x300.jpg 225w\" sizes=\"auto, (max-width: 600px) 100vw, 600px\" \/><\/figure>\n","protected":false},"excerpt":{"rendered":"<p>Viele Kinder und Eltern waren gekommen, denn es gab einen Grund zu feiern. Am 20 September 2019 fand unser erstes Herbstfest statt. Frau Claudia G\u00f6ppert geboren Lehmann, feierte ihr 25j\u00e4hriges Jubil\u00e4um bei uns im Kindergarten. Frau G\u00f6ppert begann im Jahre &hellip; <a href=\"https:\/\/www.ekimeissenheim.de\/?p=5704\">Weiterlesen <span class=\"meta-nav\">&rarr;<\/span><\/a><\/p>\n","protected":false},"author":2,"featured_media":0,"comment_status":"open","ping_status":"open","sticky":false,"template":"","format":"standard","meta":{"ngg_post_thumbnail":0,"footnotes":""},"categories":[1],"tags":[],"class_list":["post-5704","post","type-post","status-publish","format-standard","hentry","category-allgemein"],"_links":{"self":[{"href":"https:\/\/www.ekimeissenheim.de\/index.php?rest_route=\/wp\/v2\/posts\/5704","targetHints":{"allow":["GET"]}}],"collection":[{"href":"https:\/\/www.ekimeissenheim.de\/index.php?rest_route=\/wp\/v2\/posts"}],"about":[{"href":"https:\/\/www.ekimeissenheim.de\/index.php?rest_route=\/wp\/v2\/types\/post"}],"author":[{"embeddable":true,"href":"https:\/\/www.ekimeissenheim.de\/index.php?rest_route=\/wp\/v2\/users\/2"}],"replies":[{"embeddable":true,"href":"https:\/\/www.ekimeissenheim.de\/index.php?rest_route=%2Fwp%2Fv2%2Fcomments&post=5704"}],"version-history":[{"count":1,"href":"https:\/\/www.ekimeissenheim.de\/index.php?rest_route=\/wp\/v2\/posts\/5704\/revisions"}],"predecessor-version":[{"id":5706,"href":"https:\/\/www.ekimeissenheim.de\/index.php?rest_route=\/wp\/v2\/posts\/5704\/revisions\/5706"}],"wp:attachment":[{"href":"https:\/\/www.ekimeissenheim.de\/index.php?rest_route=%2Fwp%2Fv2%2Fmedia&parent=5704"}],"wp:term":[{"taxonomy":"category","embeddable":true,"href":"https:\/\/www.ekimeissenheim.de\/index.php?rest_route=%2Fwp%2Fv2%2Fcategories&post=5704"},{"taxonomy":"post_tag","embeddable":true,"href":"https:\/\/www.ekimeissenheim.de\/index.php?rest_route=%2Fwp%2Fv2%2Ftags&post=5704"}],"curies":[{"name":"wp","href":"https:\/\/api.w.org\/{rel}","templated":true}]}}