{"id":5687,"date":"2019-10-07T18:55:37","date_gmt":"2019-10-07T16:55:37","guid":{"rendered":"http:\/\/www.ekimeissenheim.de\/?p=5687"},"modified":"2019-10-07T18:55:37","modified_gmt":"2019-10-07T16:55:37","slug":"erntedank-meissenheim-kirchenchor-ehrt-jubilarin","status":"publish","type":"post","link":"https:\/\/www.ekimeissenheim.de\/?p=5687","title":{"rendered":"Erntedank Mei\u00dfenheim &#8211; Kirchenchor ehrt Jubilarin"},"content":{"rendered":"\n<p>Schon eine kleine Tradition ist es, dass der Kirchenchor an Erntedank auch seine Jubilare ehrt. Dieses Jahr war es Ada Huser, die f\u00fcr 25 Jahre Engagement im Kirchenchor geehrt wurde. Zu den Gratulanten geh\u00f6rten die Chorleiterin Kantorin Susanne Mo\u00dfmann, der Obmann des Kirchenchores Friedhelm Huser und Pr\u00e4dikantin Sonja Kunz.<\/p>\n\n\n\n<figure class=\"wp-block-image\"><img loading=\"lazy\" decoding=\"async\" width=\"800\" height=\"533\" src=\"http:\/\/www.ekimeissenheim.de\/wp-content\/uploads\/Kirchenchorehrung-2019-Ada-Huser.jpg\" alt=\"\" class=\"wp-image-5688\" srcset=\"https:\/\/www.ekimeissenheim.de\/wp-content\/uploads\/Kirchenchorehrung-2019-Ada-Huser.jpg 800w, https:\/\/www.ekimeissenheim.de\/wp-content\/uploads\/Kirchenchorehrung-2019-Ada-Huser-300x200.jpg 300w, https:\/\/www.ekimeissenheim.de\/wp-content\/uploads\/Kirchenchorehrung-2019-Ada-Huser-768x512.jpg 768w\" sizes=\"auto, (max-width: 800px) 100vw, 800px\" \/><\/figure>\n","protected":false},"excerpt":{"rendered":"<p>Schon eine kleine Tradition ist es, dass der Kirchenchor an Erntedank auch seine Jubilare ehrt. Dieses Jahr war es Ada Huser, die f\u00fcr 25 Jahre Engagement im Kirchenchor geehrt wurde. Zu den Gratulanten geh\u00f6rten die Chorleiterin Kantorin Susanne Mo\u00dfmann, der &hellip; <a href=\"https:\/\/www.ekimeissenheim.de\/?p=5687\">Weiterlesen <span class=\"meta-nav\">&rarr;<\/span><\/a><\/p>\n","protected":false},"author":2,"featured_media":0,"comment_status":"open","ping_status":"open","sticky":false,"template":"","format":"standard","meta":{"ngg_post_thumbnail":0,"footnotes":""},"categories":[1],"tags":[],"class_list":["post-5687","post","type-post","status-publish","format-standard","hentry","category-allgemein"],"_links":{"self":[{"href":"https:\/\/www.ekimeissenheim.de\/index.php?rest_route=\/wp\/v2\/posts\/5687","targetHints":{"allow":["GET"]}}],"collection":[{"href":"https:\/\/www.ekimeissenheim.de\/index.php?rest_route=\/wp\/v2\/posts"}],"about":[{"href":"https:\/\/www.ekimeissenheim.de\/index.php?rest_route=\/wp\/v2\/types\/post"}],"author":[{"embeddable":true,"href":"https:\/\/www.ekimeissenheim.de\/index.php?rest_route=\/wp\/v2\/users\/2"}],"replies":[{"embeddable":true,"href":"https:\/\/www.ekimeissenheim.de\/index.php?rest_route=%2Fwp%2Fv2%2Fcomments&post=5687"}],"version-history":[{"count":1,"href":"https:\/\/www.ekimeissenheim.de\/index.php?rest_route=\/wp\/v2\/posts\/5687\/revisions"}],"predecessor-version":[{"id":5689,"href":"https:\/\/www.ekimeissenheim.de\/index.php?rest_route=\/wp\/v2\/posts\/5687\/revisions\/5689"}],"wp:attachment":[{"href":"https:\/\/www.ekimeissenheim.de\/index.php?rest_route=%2Fwp%2Fv2%2Fmedia&parent=5687"}],"wp:term":[{"taxonomy":"category","embeddable":true,"href":"https:\/\/www.ekimeissenheim.de\/index.php?rest_route=%2Fwp%2Fv2%2Fcategories&post=5687"},{"taxonomy":"post_tag","embeddable":true,"href":"https:\/\/www.ekimeissenheim.de\/index.php?rest_route=%2Fwp%2Fv2%2Ftags&post=5687"}],"curies":[{"name":"wp","href":"https:\/\/api.w.org\/{rel}","templated":true}]}}