{"id":5683,"date":"2019-10-07T18:52:46","date_gmt":"2019-10-07T16:52:46","guid":{"rendered":"http:\/\/www.ekimeissenheim.de\/?p=5683"},"modified":"2019-10-07T18:52:46","modified_gmt":"2019-10-07T16:52:46","slug":"kinderkirche-feiert-erntedank-krabbelgottesdienst","status":"publish","type":"post","link":"https:\/\/www.ekimeissenheim.de\/?p=5683","title":{"rendered":"Kinderkirche feiert Erntedank &#8211; Krabbelgottesdienst"},"content":{"rendered":"\n<p>Am Samstag vor Erntedank feierten die Kinder der Kinderkirche ihren Gottesdienst zum Thema: Apfelbaum. Dabei entstand ein sch\u00f6ner Baum mit Bl\u00e4ttern und Fr\u00fcchten und wir dankten Gott f\u00fcr die vielen Gaben, von denen wir leben d\u00fcrfen.<\/p>\n\n\n\n<figure class=\"wp-block-image\"><img loading=\"lazy\" decoding=\"async\" width=\"800\" height=\"600\" src=\"http:\/\/www.ekimeissenheim.de\/wp-content\/uploads\/DSCN2393-1.jpg\" alt=\"\" class=\"wp-image-5684\" srcset=\"https:\/\/www.ekimeissenheim.de\/wp-content\/uploads\/DSCN2393-1.jpg 800w, https:\/\/www.ekimeissenheim.de\/wp-content\/uploads\/DSCN2393-1-300x225.jpg 300w, https:\/\/www.ekimeissenheim.de\/wp-content\/uploads\/DSCN2393-1-768x576.jpg 768w\" sizes=\"auto, (max-width: 800px) 100vw, 800px\" \/><\/figure>\n\n\n\n<figure class=\"wp-block-image\"><img loading=\"lazy\" decoding=\"async\" width=\"800\" height=\"600\" src=\"http:\/\/www.ekimeissenheim.de\/wp-content\/uploads\/DSCN2396.jpg\" alt=\"\" class=\"wp-image-5685\" srcset=\"https:\/\/www.ekimeissenheim.de\/wp-content\/uploads\/DSCN2396.jpg 800w, https:\/\/www.ekimeissenheim.de\/wp-content\/uploads\/DSCN2396-300x225.jpg 300w, https:\/\/www.ekimeissenheim.de\/wp-content\/uploads\/DSCN2396-768x576.jpg 768w\" sizes=\"auto, (max-width: 800px) 100vw, 800px\" \/><\/figure>\n","protected":false},"excerpt":{"rendered":"<p>Am Samstag vor Erntedank feierten die Kinder der Kinderkirche ihren Gottesdienst zum Thema: Apfelbaum. Dabei entstand ein sch\u00f6ner Baum mit Bl\u00e4ttern und Fr\u00fcchten und wir dankten Gott f\u00fcr die vielen Gaben, von denen wir leben d\u00fcrfen.<\/p>\n","protected":false},"author":2,"featured_media":0,"comment_status":"open","ping_status":"open","sticky":false,"template":"","format":"standard","meta":{"ngg_post_thumbnail":0,"footnotes":""},"categories":[1],"tags":[],"class_list":["post-5683","post","type-post","status-publish","format-standard","hentry","category-allgemein"],"_links":{"self":[{"href":"https:\/\/www.ekimeissenheim.de\/index.php?rest_route=\/wp\/v2\/posts\/5683","targetHints":{"allow":["GET"]}}],"collection":[{"href":"https:\/\/www.ekimeissenheim.de\/index.php?rest_route=\/wp\/v2\/posts"}],"about":[{"href":"https:\/\/www.ekimeissenheim.de\/index.php?rest_route=\/wp\/v2\/types\/post"}],"author":[{"embeddable":true,"href":"https:\/\/www.ekimeissenheim.de\/index.php?rest_route=\/wp\/v2\/users\/2"}],"replies":[{"embeddable":true,"href":"https:\/\/www.ekimeissenheim.de\/index.php?rest_route=%2Fwp%2Fv2%2Fcomments&post=5683"}],"version-history":[{"count":1,"href":"https:\/\/www.ekimeissenheim.de\/index.php?rest_route=\/wp\/v2\/posts\/5683\/revisions"}],"predecessor-version":[{"id":5686,"href":"https:\/\/www.ekimeissenheim.de\/index.php?rest_route=\/wp\/v2\/posts\/5683\/revisions\/5686"}],"wp:attachment":[{"href":"https:\/\/www.ekimeissenheim.de\/index.php?rest_route=%2Fwp%2Fv2%2Fmedia&parent=5683"}],"wp:term":[{"taxonomy":"category","embeddable":true,"href":"https:\/\/www.ekimeissenheim.de\/index.php?rest_route=%2Fwp%2Fv2%2Fcategories&post=5683"},{"taxonomy":"post_tag","embeddable":true,"href":"https:\/\/www.ekimeissenheim.de\/index.php?rest_route=%2Fwp%2Fv2%2Ftags&post=5683"}],"curies":[{"name":"wp","href":"https:\/\/api.w.org\/{rel}","templated":true}]}}