{"id":5679,"date":"2019-10-04T14:36:19","date_gmt":"2019-10-04T12:36:19","guid":{"rendered":"http:\/\/www.ekimeissenheim.de\/?p=5679"},"modified":"2019-10-18T09:01:26","modified_gmt":"2019-10-18T07:01:26","slug":"mitarbeiterdankessen-in-kuerzell","status":"publish","type":"post","link":"https:\/\/www.ekimeissenheim.de\/?p=5679","title":{"rendered":"MItarbeiterdankessen in K\u00fcrzell"},"content":{"rendered":"\n<p>Die Idee des Kirchengemeinderates, alle Mitarbeitenden der Kirchengemeinde zu einem Dankessen einzuladen, fand gro\u00dfe Ressonanz. Es war ein sch\u00f6ner Abend mit vielen Gespr\u00e4chen und regem Austausch.<\/p>\n\n\n\n<figure class=\"wp-block-image\"><img loading=\"lazy\" decoding=\"async\" width=\"300\" height=\"225\" src=\"http:\/\/www.ekimeissenheim.de\/wp-content\/uploads\/Mitarbeiterdankessen-10-2019-1-300x225.jpg\" alt=\"\" class=\"wp-image-5680\" srcset=\"https:\/\/www.ekimeissenheim.de\/wp-content\/uploads\/Mitarbeiterdankessen-10-2019-1-300x225.jpg 300w, https:\/\/www.ekimeissenheim.de\/wp-content\/uploads\/Mitarbeiterdankessen-10-2019-1-768x576.jpg 768w, https:\/\/www.ekimeissenheim.de\/wp-content\/uploads\/Mitarbeiterdankessen-10-2019-1.jpg 800w\" sizes=\"auto, (max-width: 300px) 100vw, 300px\" \/><\/figure>\n\n\n\n<figure class=\"wp-block-image\"><img loading=\"lazy\" decoding=\"async\" width=\"300\" height=\"225\" src=\"http:\/\/www.ekimeissenheim.de\/wp-content\/uploads\/Mitarbeiterdankessen-10-2019-3-300x225.jpg\" alt=\"\" class=\"wp-image-5681\" srcset=\"https:\/\/www.ekimeissenheim.de\/wp-content\/uploads\/Mitarbeiterdankessen-10-2019-3-300x225.jpg 300w, https:\/\/www.ekimeissenheim.de\/wp-content\/uploads\/Mitarbeiterdankessen-10-2019-3-768x576.jpg 768w, https:\/\/www.ekimeissenheim.de\/wp-content\/uploads\/Mitarbeiterdankessen-10-2019-3.jpg 800w\" sizes=\"auto, (max-width: 300px) 100vw, 300px\" \/><\/figure>\n","protected":false},"excerpt":{"rendered":"<p>Die Idee des Kirchengemeinderates, alle Mitarbeitenden der Kirchengemeinde zu einem Dankessen einzuladen, fand gro\u00dfe Ressonanz. Es war ein sch\u00f6ner Abend mit vielen Gespr\u00e4chen und regem Austausch.<\/p>\n","protected":false},"author":2,"featured_media":0,"comment_status":"open","ping_status":"open","sticky":false,"template":"","format":"standard","meta":{"ngg_post_thumbnail":0,"footnotes":""},"categories":[1],"tags":[],"class_list":["post-5679","post","type-post","status-publish","format-standard","hentry","category-allgemein"],"_links":{"self":[{"href":"https:\/\/www.ekimeissenheim.de\/index.php?rest_route=\/wp\/v2\/posts\/5679","targetHints":{"allow":["GET"]}}],"collection":[{"href":"https:\/\/www.ekimeissenheim.de\/index.php?rest_route=\/wp\/v2\/posts"}],"about":[{"href":"https:\/\/www.ekimeissenheim.de\/index.php?rest_route=\/wp\/v2\/types\/post"}],"author":[{"embeddable":true,"href":"https:\/\/www.ekimeissenheim.de\/index.php?rest_route=\/wp\/v2\/users\/2"}],"replies":[{"embeddable":true,"href":"https:\/\/www.ekimeissenheim.de\/index.php?rest_route=%2Fwp%2Fv2%2Fcomments&post=5679"}],"version-history":[{"count":2,"href":"https:\/\/www.ekimeissenheim.de\/index.php?rest_route=\/wp\/v2\/posts\/5679\/revisions"}],"predecessor-version":[{"id":5707,"href":"https:\/\/www.ekimeissenheim.de\/index.php?rest_route=\/wp\/v2\/posts\/5679\/revisions\/5707"}],"wp:attachment":[{"href":"https:\/\/www.ekimeissenheim.de\/index.php?rest_route=%2Fwp%2Fv2%2Fmedia&parent=5679"}],"wp:term":[{"taxonomy":"category","embeddable":true,"href":"https:\/\/www.ekimeissenheim.de\/index.php?rest_route=%2Fwp%2Fv2%2Fcategories&post=5679"},{"taxonomy":"post_tag","embeddable":true,"href":"https:\/\/www.ekimeissenheim.de\/index.php?rest_route=%2Fwp%2Fv2%2Ftags&post=5679"}],"curies":[{"name":"wp","href":"https:\/\/api.w.org\/{rel}","templated":true}]}}