{"id":5551,"date":"2019-05-28T16:49:01","date_gmt":"2019-05-28T14:49:01","guid":{"rendered":"http:\/\/www.ekimeissenheim.de\/?p=5551"},"modified":"2019-05-28T16:49:01","modified_gmt":"2019-05-28T14:49:01","slug":"kindergarten-kunterbunt-tag-der-offenen-tuer-25-5-2019","status":"publish","type":"post","link":"https:\/\/www.ekimeissenheim.de\/?p=5551","title":{"rendered":"Kindergarten Kunterbunt &#8211; Tag der offenen T\u00fcr 25.5.2019"},"content":{"rendered":"\n<p><em><strong>\u201eJedes Kind ist etwas Besonderes. Die Kinder sind wie Schmetterlinge im Wind\u2026. Manche fliegen h\u00f6her als andere, doch alle fliegen so gut wie sie k\u00f6nnen. Warum vergleichen wir sie miteinander? Jeder ist anders\u2026 Jeder ist etwas Besonderes\u2026 Jeder ist wunderbar und einzigartig!\u201c<\/strong><\/em><\/p>\n\n\n\n<p>Der\nTag der offenen T\u00fcr am 18.05.2019 stand unter dem Motto \u201e die kleine Raupe\nNimmersatt\u201c. <\/p>\n\n\n\n<p>An\ndiesem Tag wurden unsere G\u00e4ste mit dem Begr\u00fc\u00dfungslied \u201eHallo, wie geht es\neuch\u201c, einer kurzen Ansprache von Frau Vanessa Polzin, Herrn Pfarrer Adler,\nsowie Herrn B\u00fcrgermeister Alexander Schr\u00f6der begr\u00fc\u00dft. <\/p>\n\n\n\n<p>Im\nAnschluss spielten die Kinder, gemeinsam mit ihren Erzieherinnen das\nTheaterst\u00fcck \u201edie kleine Raupe Nimmersatt\u201c. Hierbei schl\u00fcpften die Kinder in\ndie Rolle der Raupe, der verschiedenen Obst- und Gem\u00fcsesorten und des\nSchmetterlings.&nbsp; Anschlie\u00dfend konnte\njeder Gast eine Runde durch das Haus spazieren. Hierbei gab es verschiedene\nR\u00e4umlichkeiten, sowie etwas Kindergartengeschichte der letzten Jahrzehnte zu\nentdecken. Die Kinder hatten die M\u00f6glichkeit an zwei Experimentierstationen vom\n\u201eHaus der kleinen Forscher\u201c, die Welt etwas n\u00e4her zu entdecken und neu kennen\nzu lernen.<\/p>\n\n\n\n<p>Bei\nKaffee, Kuchen, Grillw\u00fcrsten, Kaltgetr\u00e4nken und strahlendem Sonnenschein lie\u00dfen\nes sich die G\u00e4ste in unserem Kindergartenhof gut gehen. <\/p>\n\n\n\n<p>Als\nkleine \u00dcberraschung f\u00fcr die Kinder, besuchte uns eine Ballonk\u00fcnstlerin, die\nverschiedene Tiere und Figuren zaubern konnte. <\/p>\n\n\n\n<figure class=\"wp-block-image\"><img loading=\"lazy\" decoding=\"async\" width=\"1000\" height=\"750\" src=\"http:\/\/www.ekimeissenheim.de\/wp-content\/uploads\/KiGa-K\u00fc-Tag-der-offenen-T\u00fcr2.jpg\" alt=\"\" class=\"wp-image-5552\" srcset=\"https:\/\/www.ekimeissenheim.de\/wp-content\/uploads\/KiGa-K\u00fc-Tag-der-offenen-T\u00fcr2.jpg 1000w, https:\/\/www.ekimeissenheim.de\/wp-content\/uploads\/KiGa-K\u00fc-Tag-der-offenen-T\u00fcr2-300x225.jpg 300w, https:\/\/www.ekimeissenheim.de\/wp-content\/uploads\/KiGa-K\u00fc-Tag-der-offenen-T\u00fcr2-768x576.jpg 768w\" sizes=\"auto, (max-width: 1000px) 100vw, 1000px\" \/><\/figure>\n\n\n\n<figure class=\"wp-block-image\"><img loading=\"lazy\" decoding=\"async\" width=\"750\" height=\"1000\" src=\"http:\/\/www.ekimeissenheim.de\/wp-content\/uploads\/KiGa-K\u00fc-Tag-der-offenen-T\u00fcr3.jpg\" alt=\"\" class=\"wp-image-5553\" srcset=\"https:\/\/www.ekimeissenheim.de\/wp-content\/uploads\/KiGa-K\u00fc-Tag-der-offenen-T\u00fcr3.jpg 750w, https:\/\/www.ekimeissenheim.de\/wp-content\/uploads\/KiGa-K\u00fc-Tag-der-offenen-T\u00fcr3-225x300.jpg 225w\" sizes=\"auto, (max-width: 750px) 100vw, 750px\" \/><\/figure>\n","protected":false},"excerpt":{"rendered":"<p>\u201eJedes Kind ist etwas Besonderes. Die Kinder sind wie Schmetterlinge im Wind\u2026. Manche fliegen h\u00f6her als andere, doch alle fliegen so gut wie sie k\u00f6nnen. Warum vergleichen wir sie miteinander? Jeder ist anders\u2026 Jeder ist etwas Besonderes\u2026 Jeder ist wunderbar &hellip; <a href=\"https:\/\/www.ekimeissenheim.de\/?p=5551\">Weiterlesen <span class=\"meta-nav\">&rarr;<\/span><\/a><\/p>\n","protected":false},"author":2,"featured_media":0,"comment_status":"open","ping_status":"open","sticky":false,"template":"","format":"standard","meta":{"ngg_post_thumbnail":0,"footnotes":""},"categories":[1],"tags":[],"class_list":["post-5551","post","type-post","status-publish","format-standard","hentry","category-allgemein"],"_links":{"self":[{"href":"https:\/\/www.ekimeissenheim.de\/index.php?rest_route=\/wp\/v2\/posts\/5551","targetHints":{"allow":["GET"]}}],"collection":[{"href":"https:\/\/www.ekimeissenheim.de\/index.php?rest_route=\/wp\/v2\/posts"}],"about":[{"href":"https:\/\/www.ekimeissenheim.de\/index.php?rest_route=\/wp\/v2\/types\/post"}],"author":[{"embeddable":true,"href":"https:\/\/www.ekimeissenheim.de\/index.php?rest_route=\/wp\/v2\/users\/2"}],"replies":[{"embeddable":true,"href":"https:\/\/www.ekimeissenheim.de\/index.php?rest_route=%2Fwp%2Fv2%2Fcomments&post=5551"}],"version-history":[{"count":1,"href":"https:\/\/www.ekimeissenheim.de\/index.php?rest_route=\/wp\/v2\/posts\/5551\/revisions"}],"predecessor-version":[{"id":5554,"href":"https:\/\/www.ekimeissenheim.de\/index.php?rest_route=\/wp\/v2\/posts\/5551\/revisions\/5554"}],"wp:attachment":[{"href":"https:\/\/www.ekimeissenheim.de\/index.php?rest_route=%2Fwp%2Fv2%2Fmedia&parent=5551"}],"wp:term":[{"taxonomy":"category","embeddable":true,"href":"https:\/\/www.ekimeissenheim.de\/index.php?rest_route=%2Fwp%2Fv2%2Fcategories&post=5551"},{"taxonomy":"post_tag","embeddable":true,"href":"https:\/\/www.ekimeissenheim.de\/index.php?rest_route=%2Fwp%2Fv2%2Ftags&post=5551"}],"curies":[{"name":"wp","href":"https:\/\/api.w.org\/{rel}","templated":true}]}}