{"id":5542,"date":"2019-05-21T19:10:26","date_gmt":"2019-05-21T17:10:26","guid":{"rendered":"http:\/\/www.ekimeissenheim.de\/?p=5542"},"modified":"2019-05-21T19:10:26","modified_gmt":"2019-05-21T17:10:26","slug":"jubelkonfirmation-in-meissenheim","status":"publish","type":"post","link":"https:\/\/www.ekimeissenheim.de\/?p=5542","title":{"rendered":"Jubelkonfirmation in Mei\u00dfenheim"},"content":{"rendered":"\n<p>Kantate ist der Sonntag in Mei\u00dfenheim, an dem traditionell die Jubelkonfirmation stattfindet. Nach 50 Jahren trafen sie die meisten aus dem alten Konfirmandenjahrgang zum Gottesdienst, der vom Kirchenchor mitgestaltet wurde.<\/p>\n\n\n\n<p>Mitgefeiert haben: Silvia Baum, geb. Stoll, Christa Stolz, geb. Kern, Renate Erny, geb. Lohrer, Margrit Schulthei\u00df, geb. Lederer, K\u00e4the Sch\u00e4fer, geb. Kleis, Gerlinde Sch\u00e4fer, geb. Wurth, Daniela Greiner, geb. H\u00f6fler, Doris Weiser, Robert Baumann, Erich J\u00e4ger, Hansj\u00f6rg Schiff, Horst Schlenker, Gerd Munding, Bernd Bischoff, Horst Danzeisen, Horst Wohlschlegel, Rainer D\u00f6ring<\/p>\n\n\n\n<figure class=\"wp-block-image\"><img loading=\"lazy\" decoding=\"async\" width=\"1000\" height=\"667\" src=\"http:\/\/www.ekimeissenheim.de\/wp-content\/uploads\/Jubelkonfirmation-2019-Mhm.jpg\" alt=\"\" class=\"wp-image-5543\" srcset=\"https:\/\/www.ekimeissenheim.de\/wp-content\/uploads\/Jubelkonfirmation-2019-Mhm.jpg 1000w, https:\/\/www.ekimeissenheim.de\/wp-content\/uploads\/Jubelkonfirmation-2019-Mhm-300x200.jpg 300w, https:\/\/www.ekimeissenheim.de\/wp-content\/uploads\/Jubelkonfirmation-2019-Mhm-768x512.jpg 768w\" sizes=\"auto, (max-width: 1000px) 100vw, 1000px\" \/><\/figure>\n","protected":false},"excerpt":{"rendered":"<p>Kantate ist der Sonntag in Mei\u00dfenheim, an dem traditionell die Jubelkonfirmation stattfindet. Nach 50 Jahren trafen sie die meisten aus dem alten Konfirmandenjahrgang zum Gottesdienst, der vom Kirchenchor mitgestaltet wurde. Mitgefeiert haben: Silvia Baum, geb. Stoll, Christa Stolz, geb. Kern, &hellip; <a href=\"https:\/\/www.ekimeissenheim.de\/?p=5542\">Weiterlesen <span class=\"meta-nav\">&rarr;<\/span><\/a><\/p>\n","protected":false},"author":2,"featured_media":0,"comment_status":"open","ping_status":"open","sticky":false,"template":"","format":"standard","meta":{"ngg_post_thumbnail":0,"footnotes":""},"categories":[1],"tags":[],"class_list":["post-5542","post","type-post","status-publish","format-standard","hentry","category-allgemein"],"_links":{"self":[{"href":"https:\/\/www.ekimeissenheim.de\/index.php?rest_route=\/wp\/v2\/posts\/5542","targetHints":{"allow":["GET"]}}],"collection":[{"href":"https:\/\/www.ekimeissenheim.de\/index.php?rest_route=\/wp\/v2\/posts"}],"about":[{"href":"https:\/\/www.ekimeissenheim.de\/index.php?rest_route=\/wp\/v2\/types\/post"}],"author":[{"embeddable":true,"href":"https:\/\/www.ekimeissenheim.de\/index.php?rest_route=\/wp\/v2\/users\/2"}],"replies":[{"embeddable":true,"href":"https:\/\/www.ekimeissenheim.de\/index.php?rest_route=%2Fwp%2Fv2%2Fcomments&post=5542"}],"version-history":[{"count":1,"href":"https:\/\/www.ekimeissenheim.de\/index.php?rest_route=\/wp\/v2\/posts\/5542\/revisions"}],"predecessor-version":[{"id":5544,"href":"https:\/\/www.ekimeissenheim.de\/index.php?rest_route=\/wp\/v2\/posts\/5542\/revisions\/5544"}],"wp:attachment":[{"href":"https:\/\/www.ekimeissenheim.de\/index.php?rest_route=%2Fwp%2Fv2%2Fmedia&parent=5542"}],"wp:term":[{"taxonomy":"category","embeddable":true,"href":"https:\/\/www.ekimeissenheim.de\/index.php?rest_route=%2Fwp%2Fv2%2Fcategories&post=5542"},{"taxonomy":"post_tag","embeddable":true,"href":"https:\/\/www.ekimeissenheim.de\/index.php?rest_route=%2Fwp%2Fv2%2Ftags&post=5542"}],"curies":[{"name":"wp","href":"https:\/\/api.w.org\/{rel}","templated":true}]}}