{"id":5529,"date":"2019-05-14T19:18:08","date_gmt":"2019-05-14T17:18:08","guid":{"rendered":"http:\/\/www.ekimeissenheim.de\/?p=5529"},"modified":"2019-05-14T19:18:08","modified_gmt":"2019-05-14T17:18:08","slug":"konfirmation-in-meissenheim-und-kuerzell-2","status":"publish","type":"post","link":"https:\/\/www.ekimeissenheim.de\/?p=5529","title":{"rendered":"Konfirmation in Mei\u00dfenheim und K\u00fcrzell"},"content":{"rendered":"\n<p>Am Sonntag, 5. Mai wurde in Mei\u00dfenheim konfirmiert und am Sonntag, 12. Mai in K\u00fcrzell. Das gemeinsame Gruppenbild wurde dann vor der Konfirmation in K\u00fcrzell gemacht. Wir w\u00fcnschen allen Konfirmierten f\u00fcr ihren Lebensweg Gottes Segen und dass sie der Gemeinde verbunden bleiben.<\/p>\n\n\n\n<figure class=\"wp-block-image\"><img loading=\"lazy\" decoding=\"async\" width=\"1000\" height=\"667\" src=\"http:\/\/www.ekimeissenheim.de\/wp-content\/uploads\/Konfirmation-2019-Gruppenbild.jpg\" alt=\"\" class=\"wp-image-5530\" srcset=\"https:\/\/www.ekimeissenheim.de\/wp-content\/uploads\/Konfirmation-2019-Gruppenbild.jpg 1000w, https:\/\/www.ekimeissenheim.de\/wp-content\/uploads\/Konfirmation-2019-Gruppenbild-300x200.jpg 300w, https:\/\/www.ekimeissenheim.de\/wp-content\/uploads\/Konfirmation-2019-Gruppenbild-768x512.jpg 768w\" sizes=\"auto, (max-width: 1000px) 100vw, 1000px\" \/><\/figure>\n","protected":false},"excerpt":{"rendered":"<p>Am Sonntag, 5. Mai wurde in Mei\u00dfenheim konfirmiert und am Sonntag, 12. Mai in K\u00fcrzell. Das gemeinsame Gruppenbild wurde dann vor der Konfirmation in K\u00fcrzell gemacht. Wir w\u00fcnschen allen Konfirmierten f\u00fcr ihren Lebensweg Gottes Segen und dass sie der Gemeinde &hellip; <a href=\"https:\/\/www.ekimeissenheim.de\/?p=5529\">Weiterlesen <span class=\"meta-nav\">&rarr;<\/span><\/a><\/p>\n","protected":false},"author":2,"featured_media":0,"comment_status":"open","ping_status":"open","sticky":false,"template":"","format":"standard","meta":{"ngg_post_thumbnail":0,"footnotes":""},"categories":[1],"tags":[],"class_list":["post-5529","post","type-post","status-publish","format-standard","hentry","category-allgemein"],"_links":{"self":[{"href":"https:\/\/www.ekimeissenheim.de\/index.php?rest_route=\/wp\/v2\/posts\/5529","targetHints":{"allow":["GET"]}}],"collection":[{"href":"https:\/\/www.ekimeissenheim.de\/index.php?rest_route=\/wp\/v2\/posts"}],"about":[{"href":"https:\/\/www.ekimeissenheim.de\/index.php?rest_route=\/wp\/v2\/types\/post"}],"author":[{"embeddable":true,"href":"https:\/\/www.ekimeissenheim.de\/index.php?rest_route=\/wp\/v2\/users\/2"}],"replies":[{"embeddable":true,"href":"https:\/\/www.ekimeissenheim.de\/index.php?rest_route=%2Fwp%2Fv2%2Fcomments&post=5529"}],"version-history":[{"count":1,"href":"https:\/\/www.ekimeissenheim.de\/index.php?rest_route=\/wp\/v2\/posts\/5529\/revisions"}],"predecessor-version":[{"id":5531,"href":"https:\/\/www.ekimeissenheim.de\/index.php?rest_route=\/wp\/v2\/posts\/5529\/revisions\/5531"}],"wp:attachment":[{"href":"https:\/\/www.ekimeissenheim.de\/index.php?rest_route=%2Fwp%2Fv2%2Fmedia&parent=5529"}],"wp:term":[{"taxonomy":"category","embeddable":true,"href":"https:\/\/www.ekimeissenheim.de\/index.php?rest_route=%2Fwp%2Fv2%2Fcategories&post=5529"},{"taxonomy":"post_tag","embeddable":true,"href":"https:\/\/www.ekimeissenheim.de\/index.php?rest_route=%2Fwp%2Fv2%2Ftags&post=5529"}],"curies":[{"name":"wp","href":"https:\/\/api.w.org\/{rel}","templated":true}]}}