{"id":5459,"date":"2019-03-06T09:44:42","date_gmt":"2019-03-06T07:44:42","guid":{"rendered":"http:\/\/www.ekimeissenheim.de\/?p=5459"},"modified":"2019-03-06T09:44:42","modified_gmt":"2019-03-06T07:44:42","slug":"bezirkschorgottesdienst-beeindruckt","status":"publish","type":"post","link":"https:\/\/www.ekimeissenheim.de\/?p=5459","title":{"rendered":"Bezirkschorgottesdienst beeindruckt"},"content":{"rendered":"\n<p>S\u00e4ngerinnen und S\u00e4nger aus allen Ch\u00f6ren der Region Lahr und eine kleine Gruppe ausgew\u00e4hlte Bl\u00e4serinnen und Bl\u00e4ser gestalteten den Bezirkschorgottesdienst in Mei\u00dfenheim am 24. Februar.<br><br>Ca. 120 S\u00e4ngerinnen und S\u00e4nger waren aktiv und wurden von verschiedenen Chorleitern dirigiert. Kantor Hermann Feist, Kantorin Susanne Mo\u00dfmann, Kantor Frank Spengler, Erika Hansert und Martin Gro\u00df leiteten verschiedene Chorst\u00fccke und sangen auch mit der Gemeinde. Ein beeindruckendes Erlebnis das Gotteslob aus so vielen Kehlen zu h\u00f6ren.<br>Die Begleitung durch Orgel oder Orgelpositiv, Klavier oder die Bl\u00e4ser unterstrich die jeweiligen Chorvortr\u00e4ge.<br><\/p>\n\n\n\n<figure class=\"wp-block-image\"><img loading=\"lazy\" decoding=\"async\" width=\"800\" height=\"533\" src=\"http:\/\/www.ekimeissenheim.de\/wp-content\/uploads\/Ch\u00f6re-1.jpg\" alt=\"\" class=\"wp-image-5460\" srcset=\"https:\/\/www.ekimeissenheim.de\/wp-content\/uploads\/Ch\u00f6re-1.jpg 800w, https:\/\/www.ekimeissenheim.de\/wp-content\/uploads\/Ch\u00f6re-1-300x200.jpg 300w, https:\/\/www.ekimeissenheim.de\/wp-content\/uploads\/Ch\u00f6re-1-768x512.jpg 768w\" sizes=\"auto, (max-width: 800px) 100vw, 800px\" \/><\/figure>\n\n\n\n<figure class=\"wp-block-image\"><img loading=\"lazy\" decoding=\"async\" width=\"800\" height=\"533\" src=\"http:\/\/www.ekimeissenheim.de\/wp-content\/uploads\/IMG_1014.jpg\" alt=\"\" class=\"wp-image-5461\" srcset=\"https:\/\/www.ekimeissenheim.de\/wp-content\/uploads\/IMG_1014.jpg 800w, https:\/\/www.ekimeissenheim.de\/wp-content\/uploads\/IMG_1014-300x200.jpg 300w, https:\/\/www.ekimeissenheim.de\/wp-content\/uploads\/IMG_1014-768x512.jpg 768w\" sizes=\"auto, (max-width: 800px) 100vw, 800px\" \/><\/figure>\n","protected":false},"excerpt":{"rendered":"<p>S\u00e4ngerinnen und S\u00e4nger aus allen Ch\u00f6ren der Region Lahr und eine kleine Gruppe ausgew\u00e4hlte Bl\u00e4serinnen und Bl\u00e4ser gestalteten den Bezirkschorgottesdienst in Mei\u00dfenheim am 24. Februar. Ca. 120 S\u00e4ngerinnen und S\u00e4nger waren aktiv und wurden von verschiedenen Chorleitern dirigiert. Kantor Hermann &hellip; <a href=\"https:\/\/www.ekimeissenheim.de\/?p=5459\">Weiterlesen <span class=\"meta-nav\">&rarr;<\/span><\/a><\/p>\n","protected":false},"author":2,"featured_media":0,"comment_status":"open","ping_status":"open","sticky":false,"template":"","format":"standard","meta":{"ngg_post_thumbnail":0,"footnotes":""},"categories":[1],"tags":[],"class_list":["post-5459","post","type-post","status-publish","format-standard","hentry","category-allgemein"],"_links":{"self":[{"href":"https:\/\/www.ekimeissenheim.de\/index.php?rest_route=\/wp\/v2\/posts\/5459","targetHints":{"allow":["GET"]}}],"collection":[{"href":"https:\/\/www.ekimeissenheim.de\/index.php?rest_route=\/wp\/v2\/posts"}],"about":[{"href":"https:\/\/www.ekimeissenheim.de\/index.php?rest_route=\/wp\/v2\/types\/post"}],"author":[{"embeddable":true,"href":"https:\/\/www.ekimeissenheim.de\/index.php?rest_route=\/wp\/v2\/users\/2"}],"replies":[{"embeddable":true,"href":"https:\/\/www.ekimeissenheim.de\/index.php?rest_route=%2Fwp%2Fv2%2Fcomments&post=5459"}],"version-history":[{"count":1,"href":"https:\/\/www.ekimeissenheim.de\/index.php?rest_route=\/wp\/v2\/posts\/5459\/revisions"}],"predecessor-version":[{"id":5462,"href":"https:\/\/www.ekimeissenheim.de\/index.php?rest_route=\/wp\/v2\/posts\/5459\/revisions\/5462"}],"wp:attachment":[{"href":"https:\/\/www.ekimeissenheim.de\/index.php?rest_route=%2Fwp%2Fv2%2Fmedia&parent=5459"}],"wp:term":[{"taxonomy":"category","embeddable":true,"href":"https:\/\/www.ekimeissenheim.de\/index.php?rest_route=%2Fwp%2Fv2%2Fcategories&post=5459"},{"taxonomy":"post_tag","embeddable":true,"href":"https:\/\/www.ekimeissenheim.de\/index.php?rest_route=%2Fwp%2Fv2%2Ftags&post=5459"}],"curies":[{"name":"wp","href":"https:\/\/api.w.org\/{rel}","templated":true}]}}