{"id":5455,"date":"2019-03-06T09:38:53","date_gmt":"2019-03-06T07:38:53","guid":{"rendered":"http:\/\/www.ekimeissenheim.de\/?p=5455"},"modified":"2019-03-06T09:38:53","modified_gmt":"2019-03-06T07:38:53","slug":"letzter-koko-mit-etwas-wehmut","status":"publish","type":"post","link":"https:\/\/www.ekimeissenheim.de\/?p=5455","title":{"rendered":"Letzter KoKo &#8211; mit etwas Wehmut"},"content":{"rendered":"\n<p>Am 22. Februar fand der letzte KoKo statt. Die Idee zu dieser Veranstaltungsreihe hatte Doris Adler und beabsichtigte damit Frauen aus Mei\u00dfenheim und K\u00fcrzell mit Frauen aus fernen L\u00e4ndern in Kontakt zu bringen. In Kontakt kommen durch kreatives Arbeiten, das war der rote Faden und so wurde in jedem KoKo etwas produziert und im Miteinander kam es zu Gespr\u00e4chen.<\/p>\n\n\n\n<p>Nachdem nun die Fr\u00fcchtlinge aus dem Riedhof umgesiedelt worden sind, haben die Mitarbeiterinnen den KoKo beendet.<\/p>\n\n\n\n<figure class=\"wp-block-image\"><img loading=\"lazy\" decoding=\"async\" width=\"1000\" height=\"667\" src=\"http:\/\/www.ekimeissenheim.de\/wp-content\/uploads\/IMG_1980-002.jpg\" alt=\"\" class=\"wp-image-5456\" srcset=\"https:\/\/www.ekimeissenheim.de\/wp-content\/uploads\/IMG_1980-002.jpg 1000w, https:\/\/www.ekimeissenheim.de\/wp-content\/uploads\/IMG_1980-002-300x200.jpg 300w, https:\/\/www.ekimeissenheim.de\/wp-content\/uploads\/IMG_1980-002-768x512.jpg 768w\" sizes=\"auto, (max-width: 1000px) 100vw, 1000px\" \/><\/figure>\n\n\n\n<figure class=\"wp-block-image\"><img loading=\"lazy\" decoding=\"async\" width=\"1000\" height=\"667\" src=\"http:\/\/www.ekimeissenheim.de\/wp-content\/uploads\/IMG_1987-002.jpg\" alt=\"\" class=\"wp-image-5457\" srcset=\"https:\/\/www.ekimeissenheim.de\/wp-content\/uploads\/IMG_1987-002.jpg 1000w, https:\/\/www.ekimeissenheim.de\/wp-content\/uploads\/IMG_1987-002-300x200.jpg 300w, https:\/\/www.ekimeissenheim.de\/wp-content\/uploads\/IMG_1987-002-768x512.jpg 768w\" sizes=\"auto, (max-width: 1000px) 100vw, 1000px\" \/><\/figure>\n","protected":false},"excerpt":{"rendered":"<p>Am 22. Februar fand der letzte KoKo statt. Die Idee zu dieser Veranstaltungsreihe hatte Doris Adler und beabsichtigte damit Frauen aus Mei\u00dfenheim und K\u00fcrzell mit Frauen aus fernen L\u00e4ndern in Kontakt zu bringen. In Kontakt kommen durch kreatives Arbeiten, das &hellip; <a href=\"https:\/\/www.ekimeissenheim.de\/?p=5455\">Weiterlesen <span class=\"meta-nav\">&rarr;<\/span><\/a><\/p>\n","protected":false},"author":2,"featured_media":0,"comment_status":"open","ping_status":"open","sticky":false,"template":"","format":"standard","meta":{"ngg_post_thumbnail":0,"footnotes":""},"categories":[1],"tags":[],"class_list":["post-5455","post","type-post","status-publish","format-standard","hentry","category-allgemein"],"_links":{"self":[{"href":"https:\/\/www.ekimeissenheim.de\/index.php?rest_route=\/wp\/v2\/posts\/5455","targetHints":{"allow":["GET"]}}],"collection":[{"href":"https:\/\/www.ekimeissenheim.de\/index.php?rest_route=\/wp\/v2\/posts"}],"about":[{"href":"https:\/\/www.ekimeissenheim.de\/index.php?rest_route=\/wp\/v2\/types\/post"}],"author":[{"embeddable":true,"href":"https:\/\/www.ekimeissenheim.de\/index.php?rest_route=\/wp\/v2\/users\/2"}],"replies":[{"embeddable":true,"href":"https:\/\/www.ekimeissenheim.de\/index.php?rest_route=%2Fwp%2Fv2%2Fcomments&post=5455"}],"version-history":[{"count":1,"href":"https:\/\/www.ekimeissenheim.de\/index.php?rest_route=\/wp\/v2\/posts\/5455\/revisions"}],"predecessor-version":[{"id":5458,"href":"https:\/\/www.ekimeissenheim.de\/index.php?rest_route=\/wp\/v2\/posts\/5455\/revisions\/5458"}],"wp:attachment":[{"href":"https:\/\/www.ekimeissenheim.de\/index.php?rest_route=%2Fwp%2Fv2%2Fmedia&parent=5455"}],"wp:term":[{"taxonomy":"category","embeddable":true,"href":"https:\/\/www.ekimeissenheim.de\/index.php?rest_route=%2Fwp%2Fv2%2Fcategories&post=5455"},{"taxonomy":"post_tag","embeddable":true,"href":"https:\/\/www.ekimeissenheim.de\/index.php?rest_route=%2Fwp%2Fv2%2Ftags&post=5455"}],"curies":[{"name":"wp","href":"https:\/\/api.w.org\/{rel}","templated":true}]}}