{"id":5415,"date":"2019-02-04T18:14:24","date_gmt":"2019-02-04T16:14:24","guid":{"rendered":"http:\/\/www.ekimeissenheim.de\/?p=5415"},"modified":"2019-02-04T18:22:42","modified_gmt":"2019-02-04T16:22:42","slug":"10-frauenfruehstueck-meissenheim-kuerzell","status":"publish","type":"post","link":"https:\/\/www.ekimeissenheim.de\/?p=5415","title":{"rendered":"10. Frauenfr\u00fchst\u00fcck Mei\u00dfenheim &#8211; K\u00fcrzell"},"content":{"rendered":"\n<p>Mit gro\u00dfem Besuch fand das 10. Frauenfr\u00fchst\u00fcck in Mei\u00dfenheim statt. Doris Adler, die Initiatorin hatte Kantorin Susanne Mo\u00dfmann eingeladen, die profund und kurzweilig in den Neuen Anhang zum Evangelischen Gesangbuch einf\u00fchrte und nat\u00fcrlich mit den Anwesenden auch viele neue Lieder sang. Der neue Anhang war dadurch so gut beworben, dass alle B\u00fccher, die zum Verkauf vorlagen, K\u00e4ufer fanden. Einen gro\u00dfen Dank auch an das Vorbereitungsteam dieses besonderen Angebots der Kirchengemeinden.<\/p>\n\n\n\nngg_shortcode_0_placeholder\n","protected":false},"excerpt":{"rendered":"<p>Mit gro\u00dfem Besuch fand das 10. Frauenfr\u00fchst\u00fcck in Mei\u00dfenheim statt. Doris Adler, die Initiatorin hatte Kantorin Susanne Mo\u00dfmann eingeladen, die profund und kurzweilig in den Neuen Anhang zum Evangelischen Gesangbuch einf\u00fchrte und nat\u00fcrlich mit den Anwesenden auch viele neue Lieder &hellip; <a href=\"https:\/\/www.ekimeissenheim.de\/?p=5415\">Weiterlesen <span class=\"meta-nav\">&rarr;<\/span><\/a><\/p>\n","protected":false},"author":2,"featured_media":0,"comment_status":"open","ping_status":"open","sticky":false,"template":"","format":"standard","meta":{"ngg_post_thumbnail":0,"footnotes":""},"categories":[1],"tags":[],"class_list":["post-5415","post","type-post","status-publish","format-standard","hentry","category-allgemein"],"_links":{"self":[{"href":"https:\/\/www.ekimeissenheim.de\/index.php?rest_route=\/wp\/v2\/posts\/5415","targetHints":{"allow":["GET"]}}],"collection":[{"href":"https:\/\/www.ekimeissenheim.de\/index.php?rest_route=\/wp\/v2\/posts"}],"about":[{"href":"https:\/\/www.ekimeissenheim.de\/index.php?rest_route=\/wp\/v2\/types\/post"}],"author":[{"embeddable":true,"href":"https:\/\/www.ekimeissenheim.de\/index.php?rest_route=\/wp\/v2\/users\/2"}],"replies":[{"embeddable":true,"href":"https:\/\/www.ekimeissenheim.de\/index.php?rest_route=%2Fwp%2Fv2%2Fcomments&post=5415"}],"version-history":[{"count":3,"href":"https:\/\/www.ekimeissenheim.de\/index.php?rest_route=\/wp\/v2\/posts\/5415\/revisions"}],"predecessor-version":[{"id":5437,"href":"https:\/\/www.ekimeissenheim.de\/index.php?rest_route=\/wp\/v2\/posts\/5415\/revisions\/5437"}],"wp:attachment":[{"href":"https:\/\/www.ekimeissenheim.de\/index.php?rest_route=%2Fwp%2Fv2%2Fmedia&parent=5415"}],"wp:term":[{"taxonomy":"category","embeddable":true,"href":"https:\/\/www.ekimeissenheim.de\/index.php?rest_route=%2Fwp%2Fv2%2Fcategories&post=5415"},{"taxonomy":"post_tag","embeddable":true,"href":"https:\/\/www.ekimeissenheim.de\/index.php?rest_route=%2Fwp%2Fv2%2Ftags&post=5415"}],"curies":[{"name":"wp","href":"https:\/\/api.w.org\/{rel}","templated":true}]}}