{"id":5407,"date":"2019-02-04T18:06:25","date_gmt":"2019-02-04T16:06:25","guid":{"rendered":"http:\/\/www.ekimeissenheim.de\/?p=5407"},"modified":"2019-02-04T18:21:22","modified_gmt":"2019-02-04T16:21:22","slug":"konfirmanden-arbeiten-zum-thema-taufe","status":"publish","type":"post","link":"https:\/\/www.ekimeissenheim.de\/?p=5407","title":{"rendered":"Konfirmanden arbeiten zum Thema &#8222;Taufe&#8220;"},"content":{"rendered":"\n<p style=\"text-align:left\">In einem sog. KU-Kompakt, also Freitag und Samstag haben sich die Konfirmandinnen und Konfirmanden mit dem Thema &#8222;Taufe&#8220; besch\u00e4ftigt. Die Taufe als Gottes gro\u00dfes JA zum Leben, das Mut macht, in Verbindung mit den Taufspr\u00fcchen oder anderen Mut-mach-Worten der Bibel, war das Thema.<\/p>\n\n\n\n<p>Als kreative Aktion haben sich die Konfirmanden ein Bild mit einem Spiegel und ihrem Mutmachspruch hergestellt.<\/p>\n\n\n\nngg_shortcode_0_placeholder\n","protected":false},"excerpt":{"rendered":"<p>In einem sog. KU-Kompakt, also Freitag und Samstag haben sich die Konfirmandinnen und Konfirmanden mit dem Thema &#8222;Taufe&#8220; besch\u00e4ftigt. Die Taufe als Gottes gro\u00dfes JA zum Leben, das Mut macht, in Verbindung mit den Taufspr\u00fcchen oder anderen Mut-mach-Worten der Bibel, &hellip; <a href=\"https:\/\/www.ekimeissenheim.de\/?p=5407\">Weiterlesen <span class=\"meta-nav\">&rarr;<\/span><\/a><\/p>\n","protected":false},"author":2,"featured_media":0,"comment_status":"open","ping_status":"open","sticky":false,"template":"","format":"standard","meta":{"ngg_post_thumbnail":0,"footnotes":""},"categories":[1],"tags":[],"class_list":["post-5407","post","type-post","status-publish","format-standard","hentry","category-allgemein"],"_links":{"self":[{"href":"https:\/\/www.ekimeissenheim.de\/index.php?rest_route=\/wp\/v2\/posts\/5407","targetHints":{"allow":["GET"]}}],"collection":[{"href":"https:\/\/www.ekimeissenheim.de\/index.php?rest_route=\/wp\/v2\/posts"}],"about":[{"href":"https:\/\/www.ekimeissenheim.de\/index.php?rest_route=\/wp\/v2\/types\/post"}],"author":[{"embeddable":true,"href":"https:\/\/www.ekimeissenheim.de\/index.php?rest_route=\/wp\/v2\/users\/2"}],"replies":[{"embeddable":true,"href":"https:\/\/www.ekimeissenheim.de\/index.php?rest_route=%2Fwp%2Fv2%2Fcomments&post=5407"}],"version-history":[{"count":3,"href":"https:\/\/www.ekimeissenheim.de\/index.php?rest_route=\/wp\/v2\/posts\/5407\/revisions"}],"predecessor-version":[{"id":5435,"href":"https:\/\/www.ekimeissenheim.de\/index.php?rest_route=\/wp\/v2\/posts\/5407\/revisions\/5435"}],"wp:attachment":[{"href":"https:\/\/www.ekimeissenheim.de\/index.php?rest_route=%2Fwp%2Fv2%2Fmedia&parent=5407"}],"wp:term":[{"taxonomy":"category","embeddable":true,"href":"https:\/\/www.ekimeissenheim.de\/index.php?rest_route=%2Fwp%2Fv2%2Fcategories&post=5407"},{"taxonomy":"post_tag","embeddable":true,"href":"https:\/\/www.ekimeissenheim.de\/index.php?rest_route=%2Fwp%2Fv2%2Ftags&post=5407"}],"curies":[{"name":"wp","href":"https:\/\/api.w.org\/{rel}","templated":true}]}}