{"id":5342,"date":"2018-12-05T11:09:49","date_gmt":"2018-12-05T09:09:49","guid":{"rendered":"http:\/\/www.ekimeissenheim.de\/?p=5342"},"modified":"2018-12-12T18:34:53","modified_gmt":"2018-12-12T16:34:53","slug":"adventsmusik-2018","status":"publish","type":"post","link":"https:\/\/www.ekimeissenheim.de\/?p=5342","title":{"rendered":"Adventsmusik 2018"},"content":{"rendered":"<p>&#8222;Freut euch, der Herr ist nah&#8220; unter diesem Thema stand die Adventsmusik 2018. Der Evangelische Kirchenchor Mei\u00dfenheim unterst\u00fctzt durch Projekts\u00e4nger und ein kleines Orchester lieferten &#8211; wie gewohnt &#8211; ein tolles Programm, vielf\u00e4ltig und wechselnd zwischen alter und neuer Musik. So kamen auch St\u00fccke zum Einsatz, die im neuen Anhang der Kirche zu finden sind. Die Arien wurden von Marion Matter \u00fcbernommen.<\/p>\n<p>&nbsp;<\/p>\n\n\n<figure class=\"wp-block-image\"><img loading=\"lazy\" decoding=\"async\" width=\"1024\" height=\"682\" src=\"http:\/\/www.ekimeissenheim.de\/wp-content\/uploads\/IMG_0916-1024x682.jpg\" alt=\"\" class=\"wp-image-5349\" srcset=\"https:\/\/www.ekimeissenheim.de\/wp-content\/uploads\/IMG_0916-1024x682.jpg 1024w, https:\/\/www.ekimeissenheim.de\/wp-content\/uploads\/IMG_0916-300x200.jpg 300w, https:\/\/www.ekimeissenheim.de\/wp-content\/uploads\/IMG_0916-768x512.jpg 768w\" sizes=\"auto, (max-width: 1024px) 100vw, 1024px\" \/><\/figure>\n\n\n\n<figure class=\"wp-block-image\"><img loading=\"lazy\" decoding=\"async\" width=\"1024\" height=\"682\" src=\"http:\/\/www.ekimeissenheim.de\/wp-content\/uploads\/IMG_0924-1024x682.jpg\" alt=\"\" class=\"wp-image-5350\" srcset=\"https:\/\/www.ekimeissenheim.de\/wp-content\/uploads\/IMG_0924-1024x682.jpg 1024w, https:\/\/www.ekimeissenheim.de\/wp-content\/uploads\/IMG_0924-300x200.jpg 300w, https:\/\/www.ekimeissenheim.de\/wp-content\/uploads\/IMG_0924-768x512.jpg 768w\" sizes=\"auto, (max-width: 1024px) 100vw, 1024px\" \/><\/figure>\n\n\n\n<figure class=\"wp-block-image\"><img loading=\"lazy\" decoding=\"async\" width=\"1024\" height=\"682\" src=\"http:\/\/www.ekimeissenheim.de\/wp-content\/uploads\/IMG_0927-1024x682.jpg\" alt=\"\" class=\"wp-image-5351\" srcset=\"https:\/\/www.ekimeissenheim.de\/wp-content\/uploads\/IMG_0927-1024x682.jpg 1024w, https:\/\/www.ekimeissenheim.de\/wp-content\/uploads\/IMG_0927-300x200.jpg 300w, https:\/\/www.ekimeissenheim.de\/wp-content\/uploads\/IMG_0927-768x512.jpg 768w\" sizes=\"auto, (max-width: 1024px) 100vw, 1024px\" \/><\/figure>\n","protected":false},"excerpt":{"rendered":"<p>&#8222;Freut euch, der Herr ist nah&#8220; unter diesem Thema stand die Adventsmusik 2018. Der Evangelische Kirchenchor Mei\u00dfenheim unterst\u00fctzt durch Projekts\u00e4nger und ein kleines Orchester lieferten &#8211; wie gewohnt &#8211; ein tolles Programm, vielf\u00e4ltig und wechselnd zwischen alter und neuer Musik. &hellip; <a href=\"https:\/\/www.ekimeissenheim.de\/?p=5342\">Weiterlesen <span class=\"meta-nav\">&rarr;<\/span><\/a><\/p>\n","protected":false},"author":2,"featured_media":0,"comment_status":"open","ping_status":"open","sticky":false,"template":"","format":"standard","meta":{"ngg_post_thumbnail":0,"footnotes":""},"categories":[1],"tags":[],"class_list":["post-5342","post","type-post","status-publish","format-standard","hentry","category-allgemein"],"_links":{"self":[{"href":"https:\/\/www.ekimeissenheim.de\/index.php?rest_route=\/wp\/v2\/posts\/5342","targetHints":{"allow":["GET"]}}],"collection":[{"href":"https:\/\/www.ekimeissenheim.de\/index.php?rest_route=\/wp\/v2\/posts"}],"about":[{"href":"https:\/\/www.ekimeissenheim.de\/index.php?rest_route=\/wp\/v2\/types\/post"}],"author":[{"embeddable":true,"href":"https:\/\/www.ekimeissenheim.de\/index.php?rest_route=\/wp\/v2\/users\/2"}],"replies":[{"embeddable":true,"href":"https:\/\/www.ekimeissenheim.de\/index.php?rest_route=%2Fwp%2Fv2%2Fcomments&post=5342"}],"version-history":[{"count":3,"href":"https:\/\/www.ekimeissenheim.de\/index.php?rest_route=\/wp\/v2\/posts\/5342\/revisions"}],"predecessor-version":[{"id":5352,"href":"https:\/\/www.ekimeissenheim.de\/index.php?rest_route=\/wp\/v2\/posts\/5342\/revisions\/5352"}],"wp:attachment":[{"href":"https:\/\/www.ekimeissenheim.de\/index.php?rest_route=%2Fwp%2Fv2%2Fmedia&parent=5342"}],"wp:term":[{"taxonomy":"category","embeddable":true,"href":"https:\/\/www.ekimeissenheim.de\/index.php?rest_route=%2Fwp%2Fv2%2Fcategories&post=5342"},{"taxonomy":"post_tag","embeddable":true,"href":"https:\/\/www.ekimeissenheim.de\/index.php?rest_route=%2Fwp%2Fv2%2Ftags&post=5342"}],"curies":[{"name":"wp","href":"https:\/\/api.w.org\/{rel}","templated":true}]}}