{"id":5320,"date":"2018-11-28T18:08:00","date_gmt":"2018-11-28T16:08:00","guid":{"rendered":"http:\/\/www.ekimeissenheim.de\/?p=5320"},"modified":"2018-11-28T18:08:00","modified_gmt":"2018-11-28T16:08:00","slug":"weihnachtsmarkt-2018","status":"publish","type":"post","link":"https:\/\/www.ekimeissenheim.de\/?p=5320","title":{"rendered":"Weihnachtsmarkt 2018"},"content":{"rendered":"<p>Gutes Weihnachtsmarktwetter und viel Andrang. Sowohl der Kirchenchor mit seinem Stand, als auch die Konfirmandinnen und Konfirmanden freuten sich \u00fcber die gute Besucherzahl an ihren St\u00e4nden.<br \/>\nEin herzliches Dankesch\u00f6n auch an die Konfirmandeneltern, die beim Basteln kr\u00e4ftig mitgeholfen haben; und einen Dank an die Zimmerei J\u00e4gle f\u00fcr die Holzspende.<\/p>\n<p><a href=\"http:\/\/www.ekimeissenheim.de\/wp-content\/uploads\/WeiMa-2018-1.jpg\"><img loading=\"lazy\" decoding=\"async\" class=\"alignleft size-large wp-image-5321\" src=\"http:\/\/www.ekimeissenheim.de\/wp-content\/uploads\/WeiMa-2018-1-1024x683.jpg\" alt=\"\" width=\"640\" height=\"427\" srcset=\"https:\/\/www.ekimeissenheim.de\/wp-content\/uploads\/WeiMa-2018-1-1024x683.jpg 1024w, https:\/\/www.ekimeissenheim.de\/wp-content\/uploads\/WeiMa-2018-1-300x200.jpg 300w, https:\/\/www.ekimeissenheim.de\/wp-content\/uploads\/WeiMa-2018-1-768x512.jpg 768w\" sizes=\"auto, (max-width: 640px) 100vw, 640px\" \/><\/a> <a href=\"http:\/\/www.ekimeissenheim.de\/wp-content\/uploads\/WeiMa-2018-2.jpg\"><img loading=\"lazy\" decoding=\"async\" class=\"alignleft size-large wp-image-5322\" src=\"http:\/\/www.ekimeissenheim.de\/wp-content\/uploads\/WeiMa-2018-2-1024x683.jpg\" alt=\"\" width=\"640\" height=\"427\" srcset=\"https:\/\/www.ekimeissenheim.de\/wp-content\/uploads\/WeiMa-2018-2-1024x683.jpg 1024w, https:\/\/www.ekimeissenheim.de\/wp-content\/uploads\/WeiMa-2018-2-300x200.jpg 300w, https:\/\/www.ekimeissenheim.de\/wp-content\/uploads\/WeiMa-2018-2-768x512.jpg 768w\" sizes=\"auto, (max-width: 640px) 100vw, 640px\" \/><\/a><\/p>\n","protected":false},"excerpt":{"rendered":"<p>Gutes Weihnachtsmarktwetter und viel Andrang. Sowohl der Kirchenchor mit seinem Stand, als auch die Konfirmandinnen und Konfirmanden freuten sich \u00fcber die gute Besucherzahl an ihren St\u00e4nden. Ein herzliches Dankesch\u00f6n auch an die Konfirmandeneltern, die beim Basteln kr\u00e4ftig mitgeholfen haben; und &hellip; <a href=\"https:\/\/www.ekimeissenheim.de\/?p=5320\">Weiterlesen <span class=\"meta-nav\">&rarr;<\/span><\/a><\/p>\n","protected":false},"author":2,"featured_media":0,"comment_status":"open","ping_status":"open","sticky":false,"template":"","format":"standard","meta":{"ngg_post_thumbnail":0,"footnotes":""},"categories":[1],"tags":[],"class_list":["post-5320","post","type-post","status-publish","format-standard","hentry","category-allgemein"],"_links":{"self":[{"href":"https:\/\/www.ekimeissenheim.de\/index.php?rest_route=\/wp\/v2\/posts\/5320","targetHints":{"allow":["GET"]}}],"collection":[{"href":"https:\/\/www.ekimeissenheim.de\/index.php?rest_route=\/wp\/v2\/posts"}],"about":[{"href":"https:\/\/www.ekimeissenheim.de\/index.php?rest_route=\/wp\/v2\/types\/post"}],"author":[{"embeddable":true,"href":"https:\/\/www.ekimeissenheim.de\/index.php?rest_route=\/wp\/v2\/users\/2"}],"replies":[{"embeddable":true,"href":"https:\/\/www.ekimeissenheim.de\/index.php?rest_route=%2Fwp%2Fv2%2Fcomments&post=5320"}],"version-history":[{"count":1,"href":"https:\/\/www.ekimeissenheim.de\/index.php?rest_route=\/wp\/v2\/posts\/5320\/revisions"}],"predecessor-version":[{"id":5323,"href":"https:\/\/www.ekimeissenheim.de\/index.php?rest_route=\/wp\/v2\/posts\/5320\/revisions\/5323"}],"wp:attachment":[{"href":"https:\/\/www.ekimeissenheim.de\/index.php?rest_route=%2Fwp%2Fv2%2Fmedia&parent=5320"}],"wp:term":[{"taxonomy":"category","embeddable":true,"href":"https:\/\/www.ekimeissenheim.de\/index.php?rest_route=%2Fwp%2Fv2%2Fcategories&post=5320"},{"taxonomy":"post_tag","embeddable":true,"href":"https:\/\/www.ekimeissenheim.de\/index.php?rest_route=%2Fwp%2Fv2%2Ftags&post=5320"}],"curies":[{"name":"wp","href":"https:\/\/api.w.org\/{rel}","templated":true}]}}