{"id":5267,"date":"2018-11-10T19:26:34","date_gmt":"2018-11-10T17:26:34","guid":{"rendered":"http:\/\/www.ekimeissenheim.de\/?p=5267"},"modified":"2018-11-10T19:26:34","modified_gmt":"2018-11-10T17:26:34","slug":"konfirmanden-werkeln-fuer-weihnachtsmarkt","status":"publish","type":"post","link":"https:\/\/www.ekimeissenheim.de\/?p=5267","title":{"rendered":"Konfirmanden werkeln f\u00fcr Weihnachtsmarkt"},"content":{"rendered":"<p>Schon heftig zur Sache geht es f\u00fcr die Konfirmandinnen und Konfirmanden, wenn sie f\u00fcr den Mei\u00dfenheimer Weihnachtsmarkt am Samstag, 24.11. werkeln.<\/p>\n<p><a href=\"http:\/\/www.ekimeissenheim.de\/wp-content\/uploads\/DSCN2168.jpg\"><img loading=\"lazy\" decoding=\"async\" class=\"alignleft size-full wp-image-5268\" src=\"http:\/\/www.ekimeissenheim.de\/wp-content\/uploads\/DSCN2168.jpg\" alt=\"\" width=\"800\" height=\"600\" srcset=\"https:\/\/www.ekimeissenheim.de\/wp-content\/uploads\/DSCN2168.jpg 800w, https:\/\/www.ekimeissenheim.de\/wp-content\/uploads\/DSCN2168-300x225.jpg 300w, https:\/\/www.ekimeissenheim.de\/wp-content\/uploads\/DSCN2168-768x576.jpg 768w\" sizes=\"auto, (max-width: 800px) 100vw, 800px\" \/><\/a> <a href=\"http:\/\/www.ekimeissenheim.de\/wp-content\/uploads\/DSCN2186.jpg\"><img loading=\"lazy\" decoding=\"async\" class=\"alignleft size-large wp-image-5269\" src=\"http:\/\/www.ekimeissenheim.de\/wp-content\/uploads\/DSCN2186.jpg\" alt=\"\" width=\"640\" height=\"480\" srcset=\"https:\/\/www.ekimeissenheim.de\/wp-content\/uploads\/DSCN2186.jpg 800w, https:\/\/www.ekimeissenheim.de\/wp-content\/uploads\/DSCN2186-300x225.jpg 300w, https:\/\/www.ekimeissenheim.de\/wp-content\/uploads\/DSCN2186-768x576.jpg 768w\" sizes=\"auto, (max-width: 640px) 100vw, 640px\" \/><\/a> <a href=\"http:\/\/www.ekimeissenheim.de\/wp-content\/uploads\/DSCN2190.jpg\"><img loading=\"lazy\" decoding=\"async\" class=\"alignleft size-large wp-image-5270\" src=\"http:\/\/www.ekimeissenheim.de\/wp-content\/uploads\/DSCN2190.jpg\" alt=\"\" width=\"640\" height=\"480\" srcset=\"https:\/\/www.ekimeissenheim.de\/wp-content\/uploads\/DSCN2190.jpg 800w, https:\/\/www.ekimeissenheim.de\/wp-content\/uploads\/DSCN2190-300x225.jpg 300w, https:\/\/www.ekimeissenheim.de\/wp-content\/uploads\/DSCN2190-768x576.jpg 768w\" sizes=\"auto, (max-width: 640px) 100vw, 640px\" \/><\/a> <a href=\"http:\/\/www.ekimeissenheim.de\/wp-content\/uploads\/DSCN2198.jpg\"><img loading=\"lazy\" decoding=\"async\" class=\"alignleft size-large wp-image-5271\" src=\"http:\/\/www.ekimeissenheim.de\/wp-content\/uploads\/DSCN2198.jpg\" alt=\"\" width=\"640\" height=\"480\" srcset=\"https:\/\/www.ekimeissenheim.de\/wp-content\/uploads\/DSCN2198.jpg 800w, https:\/\/www.ekimeissenheim.de\/wp-content\/uploads\/DSCN2198-300x225.jpg 300w, https:\/\/www.ekimeissenheim.de\/wp-content\/uploads\/DSCN2198-768x576.jpg 768w\" sizes=\"auto, (max-width: 640px) 100vw, 640px\" \/><\/a><\/p>\n","protected":false},"excerpt":{"rendered":"<p>Schon heftig zur Sache geht es f\u00fcr die Konfirmandinnen und Konfirmanden, wenn sie f\u00fcr den Mei\u00dfenheimer Weihnachtsmarkt am Samstag, 24.11. werkeln.<\/p>\n","protected":false},"author":2,"featured_media":0,"comment_status":"open","ping_status":"open","sticky":false,"template":"","format":"standard","meta":{"ngg_post_thumbnail":0,"footnotes":""},"categories":[1],"tags":[],"class_list":["post-5267","post","type-post","status-publish","format-standard","hentry","category-allgemein"],"_links":{"self":[{"href":"https:\/\/www.ekimeissenheim.de\/index.php?rest_route=\/wp\/v2\/posts\/5267","targetHints":{"allow":["GET"]}}],"collection":[{"href":"https:\/\/www.ekimeissenheim.de\/index.php?rest_route=\/wp\/v2\/posts"}],"about":[{"href":"https:\/\/www.ekimeissenheim.de\/index.php?rest_route=\/wp\/v2\/types\/post"}],"author":[{"embeddable":true,"href":"https:\/\/www.ekimeissenheim.de\/index.php?rest_route=\/wp\/v2\/users\/2"}],"replies":[{"embeddable":true,"href":"https:\/\/www.ekimeissenheim.de\/index.php?rest_route=%2Fwp%2Fv2%2Fcomments&post=5267"}],"version-history":[{"count":1,"href":"https:\/\/www.ekimeissenheim.de\/index.php?rest_route=\/wp\/v2\/posts\/5267\/revisions"}],"predecessor-version":[{"id":5272,"href":"https:\/\/www.ekimeissenheim.de\/index.php?rest_route=\/wp\/v2\/posts\/5267\/revisions\/5272"}],"wp:attachment":[{"href":"https:\/\/www.ekimeissenheim.de\/index.php?rest_route=%2Fwp%2Fv2%2Fmedia&parent=5267"}],"wp:term":[{"taxonomy":"category","embeddable":true,"href":"https:\/\/www.ekimeissenheim.de\/index.php?rest_route=%2Fwp%2Fv2%2Fcategories&post=5267"},{"taxonomy":"post_tag","embeddable":true,"href":"https:\/\/www.ekimeissenheim.de\/index.php?rest_route=%2Fwp%2Fv2%2Ftags&post=5267"}],"curies":[{"name":"wp","href":"https:\/\/api.w.org\/{rel}","templated":true}]}}