{"id":5244,"date":"2018-10-22T10:34:23","date_gmt":"2018-10-22T08:34:23","guid":{"rendered":"http:\/\/www.ekimeissenheim.de\/?p=5244"},"modified":"2018-10-22T10:34:23","modified_gmt":"2018-10-22T08:34:23","slug":"konkordia-sessenheim-in-meissenheim","status":"publish","type":"post","link":"https:\/\/www.ekimeissenheim.de\/?p=5244","title":{"rendered":"Konkordia Sessenheim in Mei\u00dfenheim"},"content":{"rendered":"<p>Der M\u00e4nnergesangverein Konkordia Sessenheim hat die Freundschaft zwischen Mei\u00dfenheim und Sessenheim vertieft und war zu einem Konzert in der Mei\u00dfenheimer Kirche; vormittags sang der Chor auch im Gottesdienst. Auch Gilbert Greiner, der Pfarrer von Sessenheim wurde aktiv und sang Gospels, die er ins Els\u00e4ssische \u00fcbertragen hatte, wunderbar unterst\u00fctzt durch Louis Heit, den Leiter des Gesangvereins.<\/p>\n<p><a href=\"http:\/\/www.ekimeissenheim.de\/wp-content\/uploads\/Gilbert-Greiner-Gospels-singend.jpg\"><img loading=\"lazy\" decoding=\"async\" class=\"alignleft size-full wp-image-5245\" src=\"http:\/\/www.ekimeissenheim.de\/wp-content\/uploads\/Gilbert-Greiner-Gospels-singend.jpg\" alt=\"\" width=\"800\" height=\"533\" srcset=\"https:\/\/www.ekimeissenheim.de\/wp-content\/uploads\/Gilbert-Greiner-Gospels-singend.jpg 800w, https:\/\/www.ekimeissenheim.de\/wp-content\/uploads\/Gilbert-Greiner-Gospels-singend-300x200.jpg 300w, https:\/\/www.ekimeissenheim.de\/wp-content\/uploads\/Gilbert-Greiner-Gospels-singend-768x512.jpg 768w\" sizes=\"auto, (max-width: 800px) 100vw, 800px\" \/><\/a> <a href=\"http:\/\/www.ekimeissenheim.de\/wp-content\/uploads\/Konkordia-Sessenheim-im-Gottesdienst.jpg\"><img loading=\"lazy\" decoding=\"async\" class=\"alignleft size-large wp-image-5246\" src=\"http:\/\/www.ekimeissenheim.de\/wp-content\/uploads\/Konkordia-Sessenheim-im-Gottesdienst.jpg\" alt=\"\" width=\"640\" height=\"426\" srcset=\"https:\/\/www.ekimeissenheim.de\/wp-content\/uploads\/Konkordia-Sessenheim-im-Gottesdienst.jpg 800w, https:\/\/www.ekimeissenheim.de\/wp-content\/uploads\/Konkordia-Sessenheim-im-Gottesdienst-300x200.jpg 300w, https:\/\/www.ekimeissenheim.de\/wp-content\/uploads\/Konkordia-Sessenheim-im-Gottesdienst-768x511.jpg 768w\" sizes=\"auto, (max-width: 640px) 100vw, 640px\" \/><\/a> <a href=\"http:\/\/www.ekimeissenheim.de\/wp-content\/uploads\/Konkordia-Sessenheim-mit-Louis-Heit-beim-Konzert.jpg\"><img loading=\"lazy\" decoding=\"async\" class=\"alignleft size-large wp-image-5247\" src=\"http:\/\/www.ekimeissenheim.de\/wp-content\/uploads\/Konkordia-Sessenheim-mit-Louis-Heit-beim-Konzert.jpg\" alt=\"\" width=\"640\" height=\"426\" srcset=\"https:\/\/www.ekimeissenheim.de\/wp-content\/uploads\/Konkordia-Sessenheim-mit-Louis-Heit-beim-Konzert.jpg 800w, https:\/\/www.ekimeissenheim.de\/wp-content\/uploads\/Konkordia-Sessenheim-mit-Louis-Heit-beim-Konzert-300x200.jpg 300w, https:\/\/www.ekimeissenheim.de\/wp-content\/uploads\/Konkordia-Sessenheim-mit-Louis-Heit-beim-Konzert-768x512.jpg 768w\" sizes=\"auto, (max-width: 640px) 100vw, 640px\" \/><\/a><\/p>\n","protected":false},"excerpt":{"rendered":"<p>Der M\u00e4nnergesangverein Konkordia Sessenheim hat die Freundschaft zwischen Mei\u00dfenheim und Sessenheim vertieft und war zu einem Konzert in der Mei\u00dfenheimer Kirche; vormittags sang der Chor auch im Gottesdienst. Auch Gilbert Greiner, der Pfarrer von Sessenheim wurde aktiv und sang Gospels, &hellip; <a href=\"https:\/\/www.ekimeissenheim.de\/?p=5244\">Weiterlesen <span class=\"meta-nav\">&rarr;<\/span><\/a><\/p>\n","protected":false},"author":2,"featured_media":0,"comment_status":"open","ping_status":"open","sticky":false,"template":"","format":"standard","meta":{"ngg_post_thumbnail":0,"footnotes":""},"categories":[1],"tags":[],"class_list":["post-5244","post","type-post","status-publish","format-standard","hentry","category-allgemein"],"_links":{"self":[{"href":"https:\/\/www.ekimeissenheim.de\/index.php?rest_route=\/wp\/v2\/posts\/5244","targetHints":{"allow":["GET"]}}],"collection":[{"href":"https:\/\/www.ekimeissenheim.de\/index.php?rest_route=\/wp\/v2\/posts"}],"about":[{"href":"https:\/\/www.ekimeissenheim.de\/index.php?rest_route=\/wp\/v2\/types\/post"}],"author":[{"embeddable":true,"href":"https:\/\/www.ekimeissenheim.de\/index.php?rest_route=\/wp\/v2\/users\/2"}],"replies":[{"embeddable":true,"href":"https:\/\/www.ekimeissenheim.de\/index.php?rest_route=%2Fwp%2Fv2%2Fcomments&post=5244"}],"version-history":[{"count":1,"href":"https:\/\/www.ekimeissenheim.de\/index.php?rest_route=\/wp\/v2\/posts\/5244\/revisions"}],"predecessor-version":[{"id":5248,"href":"https:\/\/www.ekimeissenheim.de\/index.php?rest_route=\/wp\/v2\/posts\/5244\/revisions\/5248"}],"wp:attachment":[{"href":"https:\/\/www.ekimeissenheim.de\/index.php?rest_route=%2Fwp%2Fv2%2Fmedia&parent=5244"}],"wp:term":[{"taxonomy":"category","embeddable":true,"href":"https:\/\/www.ekimeissenheim.de\/index.php?rest_route=%2Fwp%2Fv2%2Fcategories&post=5244"},{"taxonomy":"post_tag","embeddable":true,"href":"https:\/\/www.ekimeissenheim.de\/index.php?rest_route=%2Fwp%2Fv2%2Ftags&post=5244"}],"curies":[{"name":"wp","href":"https:\/\/api.w.org\/{rel}","templated":true}]}}