{"id":5233,"date":"2018-10-11T20:09:12","date_gmt":"2018-10-11T18:09:12","guid":{"rendered":"http:\/\/www.ekimeissenheim.de\/?p=5233"},"modified":"2018-10-11T20:09:12","modified_gmt":"2018-10-11T18:09:12","slug":"kindergottesdienst-kuerzell-bastelaktion","status":"publish","type":"post","link":"https:\/\/www.ekimeissenheim.de\/?p=5233","title":{"rendered":"Kindergottesdienst K\u00fcrzell &#8211; Bastelaktion"},"content":{"rendered":"<p>Schon eine kleine Tradition hat der Bastelnachmittag beim Kindergottesdienst in K\u00fcrzell. Das Team begeistert die Kinder mit ihren Ideen und das gemeinsame Gestalten macht allen Spa\u00df. Sch\u00f6ne Sache!<br \/>\n<a href=\"http:\/\/www.ekimeissenheim.de\/wp-content\/uploads\/KiGo-K\u00fcrzell-2018-09-Bastelnachmittag-2.jpg\"><img loading=\"lazy\" decoding=\"async\" class=\"alignleft size-full wp-image-5234\" src=\"http:\/\/www.ekimeissenheim.de\/wp-content\/uploads\/KiGo-K\u00fcrzell-2018-09-Bastelnachmittag-2.jpg\" alt=\"\" width=\"900\" height=\"675\" srcset=\"https:\/\/www.ekimeissenheim.de\/wp-content\/uploads\/KiGo-K\u00fcrzell-2018-09-Bastelnachmittag-2.jpg 900w, https:\/\/www.ekimeissenheim.de\/wp-content\/uploads\/KiGo-K\u00fcrzell-2018-09-Bastelnachmittag-2-300x225.jpg 300w, https:\/\/www.ekimeissenheim.de\/wp-content\/uploads\/KiGo-K\u00fcrzell-2018-09-Bastelnachmittag-2-768x576.jpg 768w\" sizes=\"auto, (max-width: 900px) 100vw, 900px\" \/><\/a> <a href=\"http:\/\/www.ekimeissenheim.de\/wp-content\/uploads\/KiGo-K\u00fcrzell-2018-09-Bastelnachmittag-1.jpg\"><img loading=\"lazy\" decoding=\"async\" class=\"alignleft size-large wp-image-5235\" src=\"http:\/\/www.ekimeissenheim.de\/wp-content\/uploads\/KiGo-K\u00fcrzell-2018-09-Bastelnachmittag-1.jpg\" alt=\"\" width=\"640\" height=\"480\" srcset=\"https:\/\/www.ekimeissenheim.de\/wp-content\/uploads\/KiGo-K\u00fcrzell-2018-09-Bastelnachmittag-1.jpg 900w, https:\/\/www.ekimeissenheim.de\/wp-content\/uploads\/KiGo-K\u00fcrzell-2018-09-Bastelnachmittag-1-300x225.jpg 300w, https:\/\/www.ekimeissenheim.de\/wp-content\/uploads\/KiGo-K\u00fcrzell-2018-09-Bastelnachmittag-1-768x576.jpg 768w\" sizes=\"auto, (max-width: 640px) 100vw, 640px\" \/><\/a><\/p>\n","protected":false},"excerpt":{"rendered":"<p>Schon eine kleine Tradition hat der Bastelnachmittag beim Kindergottesdienst in K\u00fcrzell. Das Team begeistert die Kinder mit ihren Ideen und das gemeinsame Gestalten macht allen Spa\u00df. Sch\u00f6ne Sache!<\/p>\n","protected":false},"author":2,"featured_media":0,"comment_status":"open","ping_status":"open","sticky":false,"template":"","format":"standard","meta":{"ngg_post_thumbnail":0,"footnotes":""},"categories":[1],"tags":[],"class_list":["post-5233","post","type-post","status-publish","format-standard","hentry","category-allgemein"],"_links":{"self":[{"href":"https:\/\/www.ekimeissenheim.de\/index.php?rest_route=\/wp\/v2\/posts\/5233","targetHints":{"allow":["GET"]}}],"collection":[{"href":"https:\/\/www.ekimeissenheim.de\/index.php?rest_route=\/wp\/v2\/posts"}],"about":[{"href":"https:\/\/www.ekimeissenheim.de\/index.php?rest_route=\/wp\/v2\/types\/post"}],"author":[{"embeddable":true,"href":"https:\/\/www.ekimeissenheim.de\/index.php?rest_route=\/wp\/v2\/users\/2"}],"replies":[{"embeddable":true,"href":"https:\/\/www.ekimeissenheim.de\/index.php?rest_route=%2Fwp%2Fv2%2Fcomments&post=5233"}],"version-history":[{"count":1,"href":"https:\/\/www.ekimeissenheim.de\/index.php?rest_route=\/wp\/v2\/posts\/5233\/revisions"}],"predecessor-version":[{"id":5236,"href":"https:\/\/www.ekimeissenheim.de\/index.php?rest_route=\/wp\/v2\/posts\/5233\/revisions\/5236"}],"wp:attachment":[{"href":"https:\/\/www.ekimeissenheim.de\/index.php?rest_route=%2Fwp%2Fv2%2Fmedia&parent=5233"}],"wp:term":[{"taxonomy":"category","embeddable":true,"href":"https:\/\/www.ekimeissenheim.de\/index.php?rest_route=%2Fwp%2Fv2%2Fcategories&post=5233"},{"taxonomy":"post_tag","embeddable":true,"href":"https:\/\/www.ekimeissenheim.de\/index.php?rest_route=%2Fwp%2Fv2%2Ftags&post=5233"}],"curies":[{"name":"wp","href":"https:\/\/api.w.org\/{rel}","templated":true}]}}