{"id":5227,"date":"2018-10-08T18:25:08","date_gmt":"2018-10-08T16:25:08","guid":{"rendered":"http:\/\/www.ekimeissenheim.de\/?p=5227"},"modified":"2018-10-08T18:25:08","modified_gmt":"2018-10-08T16:25:08","slug":"kirchenchor-ehrt-verdiente-mitglieder-an-erntedank-in-meissenheim","status":"publish","type":"post","link":"https:\/\/www.ekimeissenheim.de\/?p=5227","title":{"rendered":"Kirchenchor ehrt verdiente Mitglieder an Erntedank in Mei\u00dfenheim"},"content":{"rendered":"<p>Wie schon beim Erntedankgottesdienst in K\u00fcrzell, so wurden nun an Erntedank in Mei\u00dfenheim verdiente Chormitglieder geehrt.<br \/>\nDora Schlenker singt seit 35 Jahren, Ilse Zeiser seit 40 Jahren, Monika Rosewich seit 55 Jahren und Margarete Deutscher sogar seit 65 Jahren im Kirchenchor. Die Obfrau des Kirchenchores Herta Hannemann hielt die Laudatio auf die Jubilare und \u00fcberreichte Blumen und Urkunden.<\/p>\n<p><a href=\"http:\/\/www.ekimeissenheim.de\/wp-content\/uploads\/Kirchenchor-Ehrungen-Erntedank-2018.jpg\"><img loading=\"lazy\" decoding=\"async\" class=\"alignleft size-full wp-image-5228\" src=\"http:\/\/www.ekimeissenheim.de\/wp-content\/uploads\/Kirchenchor-Ehrungen-Erntedank-2018.jpg\" alt=\"\" width=\"1000\" height=\"667\" srcset=\"https:\/\/www.ekimeissenheim.de\/wp-content\/uploads\/Kirchenchor-Ehrungen-Erntedank-2018.jpg 1000w, https:\/\/www.ekimeissenheim.de\/wp-content\/uploads\/Kirchenchor-Ehrungen-Erntedank-2018-300x200.jpg 300w, https:\/\/www.ekimeissenheim.de\/wp-content\/uploads\/Kirchenchor-Ehrungen-Erntedank-2018-768x512.jpg 768w\" sizes=\"auto, (max-width: 1000px) 100vw, 1000px\" \/><\/a><\/p>\n","protected":false},"excerpt":{"rendered":"<p>Wie schon beim Erntedankgottesdienst in K\u00fcrzell, so wurden nun an Erntedank in Mei\u00dfenheim verdiente Chormitglieder geehrt. Dora Schlenker singt seit 35 Jahren, Ilse Zeiser seit 40 Jahren, Monika Rosewich seit 55 Jahren und Margarete Deutscher sogar seit 65 Jahren im &hellip; <a href=\"https:\/\/www.ekimeissenheim.de\/?p=5227\">Weiterlesen <span class=\"meta-nav\">&rarr;<\/span><\/a><\/p>\n","protected":false},"author":2,"featured_media":0,"comment_status":"open","ping_status":"open","sticky":false,"template":"","format":"standard","meta":{"ngg_post_thumbnail":0,"footnotes":""},"categories":[1],"tags":[],"class_list":["post-5227","post","type-post","status-publish","format-standard","hentry","category-allgemein"],"_links":{"self":[{"href":"https:\/\/www.ekimeissenheim.de\/index.php?rest_route=\/wp\/v2\/posts\/5227","targetHints":{"allow":["GET"]}}],"collection":[{"href":"https:\/\/www.ekimeissenheim.de\/index.php?rest_route=\/wp\/v2\/posts"}],"about":[{"href":"https:\/\/www.ekimeissenheim.de\/index.php?rest_route=\/wp\/v2\/types\/post"}],"author":[{"embeddable":true,"href":"https:\/\/www.ekimeissenheim.de\/index.php?rest_route=\/wp\/v2\/users\/2"}],"replies":[{"embeddable":true,"href":"https:\/\/www.ekimeissenheim.de\/index.php?rest_route=%2Fwp%2Fv2%2Fcomments&post=5227"}],"version-history":[{"count":1,"href":"https:\/\/www.ekimeissenheim.de\/index.php?rest_route=\/wp\/v2\/posts\/5227\/revisions"}],"predecessor-version":[{"id":5229,"href":"https:\/\/www.ekimeissenheim.de\/index.php?rest_route=\/wp\/v2\/posts\/5227\/revisions\/5229"}],"wp:attachment":[{"href":"https:\/\/www.ekimeissenheim.de\/index.php?rest_route=%2Fwp%2Fv2%2Fmedia&parent=5227"}],"wp:term":[{"taxonomy":"category","embeddable":true,"href":"https:\/\/www.ekimeissenheim.de\/index.php?rest_route=%2Fwp%2Fv2%2Fcategories&post=5227"},{"taxonomy":"post_tag","embeddable":true,"href":"https:\/\/www.ekimeissenheim.de\/index.php?rest_route=%2Fwp%2Fv2%2Ftags&post=5227"}],"curies":[{"name":"wp","href":"https:\/\/api.w.org\/{rel}","templated":true}]}}