{"id":5219,"date":"2018-10-08T18:16:00","date_gmt":"2018-10-08T16:16:00","guid":{"rendered":"http:\/\/www.ekimeissenheim.de\/?p=5219"},"modified":"2018-10-08T18:16:00","modified_gmt":"2018-10-08T16:16:00","slug":"kirche-fuer-kinder-krabbelgottesdienst-feiert-erntedank","status":"publish","type":"post","link":"https:\/\/www.ekimeissenheim.de\/?p=5219","title":{"rendered":"Kirche f\u00fcr Kinder &#8211; Krabbelgottesdienst feiert Erntedank"},"content":{"rendered":"<p>Inmitten der vielen Erntedankgaben, die in der Kirche in Mei\u00dfenheim den Altarraum schm\u00fcckten, feierten wir auch Erntedank und h\u00f6rten dazu die Geschichte, wie das Volk Israel in der W\u00fcste von Gott mit Manna versorgt wurde. Auch Anton war wieder mit im Spiel und verwickelte die Kinder in ein Gespr\u00e4ch zu den Erntegaben.<\/p>\n<p><a href=\"http:\/\/www.ekimeissenheim.de\/wp-content\/uploads\/IMG_0381.jpg\"><img loading=\"lazy\" decoding=\"async\" class=\"alignleft wp-image-5220 size-full\" src=\"http:\/\/www.ekimeissenheim.de\/wp-content\/uploads\/IMG_0381.jpg\" alt=\"\" width=\"800\" height=\"533\" srcset=\"https:\/\/www.ekimeissenheim.de\/wp-content\/uploads\/IMG_0381.jpg 800w, https:\/\/www.ekimeissenheim.de\/wp-content\/uploads\/IMG_0381-300x200.jpg 300w, https:\/\/www.ekimeissenheim.de\/wp-content\/uploads\/IMG_0381-768x512.jpg 768w\" sizes=\"auto, (max-width: 800px) 100vw, 800px\" \/><\/a> <a href=\"http:\/\/www.ekimeissenheim.de\/wp-content\/uploads\/IMG_0386.jpg\"><img loading=\"lazy\" decoding=\"async\" class=\"alignleft size-large wp-image-5221\" src=\"http:\/\/www.ekimeissenheim.de\/wp-content\/uploads\/IMG_0386.jpg\" alt=\"\" width=\"600\" height=\"400\" srcset=\"https:\/\/www.ekimeissenheim.de\/wp-content\/uploads\/IMG_0386.jpg 600w, https:\/\/www.ekimeissenheim.de\/wp-content\/uploads\/IMG_0386-300x200.jpg 300w\" sizes=\"auto, (max-width: 600px) 100vw, 600px\" \/><\/a> <a href=\"http:\/\/www.ekimeissenheim.de\/wp-content\/uploads\/IMG_0392.jpg\"><img loading=\"lazy\" decoding=\"async\" class=\"alignleft size-large wp-image-5222\" src=\"http:\/\/www.ekimeissenheim.de\/wp-content\/uploads\/IMG_0392.jpg\" alt=\"\" width=\"600\" height=\"400\" srcset=\"https:\/\/www.ekimeissenheim.de\/wp-content\/uploads\/IMG_0392.jpg 600w, https:\/\/www.ekimeissenheim.de\/wp-content\/uploads\/IMG_0392-300x200.jpg 300w\" sizes=\"auto, (max-width: 600px) 100vw, 600px\" \/><\/a><\/p>\n","protected":false},"excerpt":{"rendered":"<p>Inmitten der vielen Erntedankgaben, die in der Kirche in Mei\u00dfenheim den Altarraum schm\u00fcckten, feierten wir auch Erntedank und h\u00f6rten dazu die Geschichte, wie das Volk Israel in der W\u00fcste von Gott mit Manna versorgt wurde. Auch Anton war wieder mit &hellip; <a href=\"https:\/\/www.ekimeissenheim.de\/?p=5219\">Weiterlesen <span class=\"meta-nav\">&rarr;<\/span><\/a><\/p>\n","protected":false},"author":2,"featured_media":0,"comment_status":"open","ping_status":"open","sticky":false,"template":"","format":"standard","meta":{"ngg_post_thumbnail":0,"footnotes":""},"categories":[1],"tags":[],"class_list":["post-5219","post","type-post","status-publish","format-standard","hentry","category-allgemein"],"_links":{"self":[{"href":"https:\/\/www.ekimeissenheim.de\/index.php?rest_route=\/wp\/v2\/posts\/5219","targetHints":{"allow":["GET"]}}],"collection":[{"href":"https:\/\/www.ekimeissenheim.de\/index.php?rest_route=\/wp\/v2\/posts"}],"about":[{"href":"https:\/\/www.ekimeissenheim.de\/index.php?rest_route=\/wp\/v2\/types\/post"}],"author":[{"embeddable":true,"href":"https:\/\/www.ekimeissenheim.de\/index.php?rest_route=\/wp\/v2\/users\/2"}],"replies":[{"embeddable":true,"href":"https:\/\/www.ekimeissenheim.de\/index.php?rest_route=%2Fwp%2Fv2%2Fcomments&post=5219"}],"version-history":[{"count":1,"href":"https:\/\/www.ekimeissenheim.de\/index.php?rest_route=\/wp\/v2\/posts\/5219\/revisions"}],"predecessor-version":[{"id":5223,"href":"https:\/\/www.ekimeissenheim.de\/index.php?rest_route=\/wp\/v2\/posts\/5219\/revisions\/5223"}],"wp:attachment":[{"href":"https:\/\/www.ekimeissenheim.de\/index.php?rest_route=%2Fwp%2Fv2%2Fmedia&parent=5219"}],"wp:term":[{"taxonomy":"category","embeddable":true,"href":"https:\/\/www.ekimeissenheim.de\/index.php?rest_route=%2Fwp%2Fv2%2Fcategories&post=5219"},{"taxonomy":"post_tag","embeddable":true,"href":"https:\/\/www.ekimeissenheim.de\/index.php?rest_route=%2Fwp%2Fv2%2Ftags&post=5219"}],"curies":[{"name":"wp","href":"https:\/\/api.w.org\/{rel}","templated":true}]}}